{"id":2356,"date":"2025-03-12T21:32:15","date_gmt":"2025-03-12T20:32:15","guid":{"rendered":"https:\/\/ilsovranista.com\/?p=2356"},"modified":"2025-03-12T21:32:15","modified_gmt":"2025-03-12T20:32:15","slug":"criminalita-a-brescia-la-lega-serve-una-commissione-speciale-antimafia-anche-in-citta","status":"publish","type":"post","link":"https:\/\/ilsovranista.com\/?p=2356","title":{"rendered":"Criminalit\u00e0 a Brescia, la Lega: &#8220;serve una commissione speciale antimafia anche in citt\u00e0&#8221;"},"content":{"rendered":"<p>Una commissione speciale antimafia per la citt\u00e0 di Brescia. E&#8217; la richiesta avanzata dalla <strong>Lega<\/strong> alla Loggia, a fronte delle diverse operazioni delle forze dell&#8217;ordine, che da dicembre scorso hanno riportato alla luce il tema del radicamento della criminalit\u00e0 organizzata in terra bresciana.<\/p>\n<p>Proprio per questo, la scorsa settimana il Prefetto di Brescia Andrea Polichetti ha firmato un protocollo di collaborazione con le prefetture di Cremona, Bergamo e Mantova finalizzato a rafforzare le azioni di contrasto alle infiltrazioni criminali, attraverso strategie condivise e azioni congiunte per impedire alle organizzazioni di stampo mafioso l&#8217;ingerenza nelle attivit\u00e0 economiche nei rispettivi territori provinciali. Ma non basta: anche la politica deve fare la sua parte.<\/p>\n<p>&#8220;Serve affiancare al lavoro di contrasto che stanno svolgendo la magistratura e le forze dell&#8217;ordine, precisano i consiglieri leghisti Rolfi, Tacconi e Maggi anche un lavoro di carattere politico e culturale, immaginando la costituzione di una commissione competente che sia punto di riferimento di scuole, agenzie educative, associazioni e realt\u00e0 che operano per la legalit\u00e0, l&#8217;educazione e la sfida di costruire una societ\u00e0 civile ed una comunit\u00e0 locale dotata degli anticorpi e delle sentinelle necessarie&#8221;.<\/p>\n","protected":false},"excerpt":{"rendered":"<p>Una commissione speciale antimafia per la citt\u00e0 di Brescia. E&#8217; la richiesta avanzata dalla Lega alla Loggia, a fronte delle diverse operazioni delle forze dell&#8217;ordine, che da dicembre scorso hanno riportato alla luce il tema del radicamento della criminalit\u00e0 organizzata in terra bresciana. Proprio per questo, la scorsa settimana il Prefetto di Brescia Andrea Polichetti [&hellip;]<\/p>\n","protected":false},"author":3,"featured_media":2357,"comment_status":"open","ping_status":"closed","sticky":false,"template":"","format":"standard","meta":{"om_disable_all_campaigns":false,"_monsterinsights_skip_tracking":false,"_monsterinsights_sitenote_active":false,"_monsterinsights_sitenote_note":"","_monsterinsights_sitenote_category":0,"_uf_show_specific_survey":0,"_uf_disable_surveys":false,"footnotes":""},"categories":[36],"tags":[],"class_list":{"0":"post-2356","1":"post","2":"type-post","3":"status-publish","4":"format-standard","5":"has-post-thumbnail","7":"category-prima-i-territori"},"aioseo_notices":[],"_links":{"self":[{"href":"https:\/\/ilsovranista.com\/index.php?rest_route=\/wp\/v2\/posts\/2356","targetHints":{"allow":["GET"]}}],"collection":[{"href":"https:\/\/ilsovranista.com\/index.php?rest_route=\/wp\/v2\/posts"}],"about":[{"href":"https:\/\/ilsovranista.com\/index.php?rest_route=\/wp\/v2\/types\/post"}],"author":[{"embeddable":true,"href":"https:\/\/ilsovranista.com\/index.php?rest_route=\/wp\/v2\/users\/3"}],"replies":[{"embeddable":true,"href":"https:\/\/ilsovranista.com\/index.php?rest_route=%2Fwp%2Fv2%2Fcomments&post=2356"}],"version-history":[{"count":1,"href":"https:\/\/ilsovranista.com\/index.php?rest_route=\/wp\/v2\/posts\/2356\/revisions"}],"predecessor-version":[{"id":2358,"href":"https:\/\/ilsovranista.com\/index.php?rest_route=\/wp\/v2\/posts\/2356\/revisions\/2358"}],"wp:featuredmedia":[{"embeddable":true,"href":"https:\/\/ilsovranista.com\/index.php?rest_route=\/wp\/v2\/media\/2357"}],"wp:attachment":[{"href":"https:\/\/ilsovranista.com\/index.php?rest_route=%2Fwp%2Fv2%2Fmedia&parent=2356"}],"wp:term":[{"taxonomy":"category","embeddable":true,"href":"https:\/\/ilsovranista.com\/index.php?rest_route=%2Fwp%2Fv2%2Fcategories&post=2356"},{"taxonomy":"post_tag","embeddable":true,"href":"https:\/\/ilsovranista.com\/index.php?rest_route=%2Fwp%2Fv2%2Ftags&post=2356"}],"curies":[{"name":"wp","href":"https:\/\/api.w.org\/{rel}","templated":true}]}}