{"id":2349,"date":"2025-03-12T21:25:03","date_gmt":"2025-03-12T20:25:03","guid":{"rendered":"https:\/\/ilsovranista.com\/?p=2349"},"modified":"2025-03-12T21:25:03","modified_gmt":"2025-03-12T20:25:03","slug":"periferie-lannuncio-di-rampelli-fdi-saranno-soccorse-dal-governo-meloni","status":"publish","type":"post","link":"https:\/\/ilsovranista.com\/?p=2349","title":{"rendered":"Periferie, l&#8217;annuncio di Rampelli (Fdi): saranno soccorse dal governo Meloni"},"content":{"rendered":"<p>\u201cPer la prima volta nella storia della Repubblica, le periferie entrano a Palazzo Chigi e diventano cuore di una nuova visione della citt\u00e0. Tema alla destra particolarmente caro, al quale dedico il mio impegno politico da oltre trent\u2019anni, la periferia \u2013 che ha ispirato il neorealismo italiano, letteratura e fenomeni urbani di degrado e violenza ma anche di solidariet\u00e0 e impegno civile \u2013 costituisce nella vulgata il luogo della marginalit\u00e0 e dell\u2019esclusione, l\u2019estremo confine della civilt\u00e0 urbana dove l\u2019umanit\u00e0 \u00e8 schiacciata dall\u2019orrore architettonico, diventando facile preda di organizzazioni criminali o di violenza predatoria. Invece proprio nelle<br \/>\nperiferie c\u2019\u00e8 la parte pi\u00f9 dinamica della popolazione italiana e non solo perch\u00e9 la maggioranza degli italiani vi abita, ma anche perch\u00e9 \u00e8 qui che l\u2019istinto di sopravvivenza d\u00e0 i suoi frutti migliori. Oggi, l\u2019incontro tra il premier Giorgia Meloni e i sindaci delle citt\u00e0 a emergenza periferie, tra cui Roma, Napoli, Rosarno, Rozzano, San Ferdinando, Palermo e Catania, consegna un messaggio fondamentale: le periferie d\u2019Italia cuore della Nazione saranno soccorse dal governo Meloni. I contenuti su cui lavorare sono complessi, si dovranno costruire veri e propri centri storici nelle<br \/>\naree di bordo delle citt\u00e0, luoghi dell\u2019identit\u00e0 e dell\u2019appartenenza che sconfiggano la cultura della spersonalizzazione che crea ghetti dove allignano degrado e criminalit\u00e0\u201d.<\/p>\n<p>Lo afferma\u00a0<strong>Fabio Rampelli,\u00a0<\/strong>vice presidente della Camera dei Deputati ed esponente di spicco di\u00a0<strong>Fratelli d&#8217;Italia\u00a0<\/strong><\/p>\n","protected":false},"excerpt":{"rendered":"<p>\u201cPer la prima volta nella storia della Repubblica, le periferie entrano a Palazzo Chigi e diventano cuore di una nuova visione della citt\u00e0. Tema alla destra particolarmente caro, al quale dedico il mio impegno politico da oltre trent\u2019anni, la periferia \u2013 che ha ispirato il neorealismo italiano, letteratura e fenomeni urbani di degrado e violenza [&hellip;]<\/p>\n","protected":false},"author":3,"featured_media":2350,"comment_status":"open","ping_status":"closed","sticky":false,"template":"","format":"standard","meta":{"om_disable_all_campaigns":false,"_monsterinsights_skip_tracking":false,"_monsterinsights_sitenote_active":false,"_monsterinsights_sitenote_note":"","_monsterinsights_sitenote_category":0,"_uf_show_specific_survey":0,"_uf_disable_surveys":false,"footnotes":""},"categories":[33],"tags":[],"class_list":{"0":"post-2349","1":"post","2":"type-post","3":"status-publish","4":"format-standard","5":"has-post-thumbnail","7":"category-politica"},"aioseo_notices":[],"_links":{"self":[{"href":"https:\/\/ilsovranista.com\/index.php?rest_route=\/wp\/v2\/posts\/2349","targetHints":{"allow":["GET"]}}],"collection":[{"href":"https:\/\/ilsovranista.com\/index.php?rest_route=\/wp\/v2\/posts"}],"about":[{"href":"https:\/\/ilsovranista.com\/index.php?rest_route=\/wp\/v2\/types\/post"}],"author":[{"embeddable":true,"href":"https:\/\/ilsovranista.com\/index.php?rest_route=\/wp\/v2\/users\/3"}],"replies":[{"embeddable":true,"href":"https:\/\/ilsovranista.com\/index.php?rest_route=%2Fwp%2Fv2%2Fcomments&post=2349"}],"version-history":[{"count":2,"href":"https:\/\/ilsovranista.com\/index.php?rest_route=\/wp\/v2\/posts\/2349\/revisions"}],"predecessor-version":[{"id":2355,"href":"https:\/\/ilsovranista.com\/index.php?rest_route=\/wp\/v2\/posts\/2349\/revisions\/2355"}],"wp:featuredmedia":[{"embeddable":true,"href":"https:\/\/ilsovranista.com\/index.php?rest_route=\/wp\/v2\/media\/2350"}],"wp:attachment":[{"href":"https:\/\/ilsovranista.com\/index.php?rest_route=%2Fwp%2Fv2%2Fmedia&parent=2349"}],"wp:term":[{"taxonomy":"category","embeddable":true,"href":"https:\/\/ilsovranista.com\/index.php?rest_route=%2Fwp%2Fv2%2Fcategories&post=2349"},{"taxonomy":"post_tag","embeddable":true,"href":"https:\/\/ilsovranista.com\/index.php?rest_route=%2Fwp%2Fv2%2Ftags&post=2349"}],"curies":[{"name":"wp","href":"https:\/\/api.w.org\/{rel}","templated":true}]}}