{"id":2325,"date":"2025-03-11T20:05:33","date_gmt":"2025-03-11T19:05:33","guid":{"rendered":"https:\/\/ilsovranista.com\/?p=2325"},"modified":"2025-03-11T21:40:28","modified_gmt":"2025-03-11T20:40:28","slug":"il-patto-per-il-nord-approdo-in-toscana-grimoldi-siamo-il-sindacato-del-territorio","status":"publish","type":"post","link":"https:\/\/ilsovranista.com\/?p=2325","title":{"rendered":"Il Patto per il Nord approda in Toscana. Grimoldi: siamo il sindacato del territorio"},"content":{"rendered":"<p>Continua, senza sosta e senza tregua, l&#8217;opera di radicamento del Patto per il Nord, associazione politico culturale che vuole rilanciare battaglie storiche della &#8220;vecchia&#8221; Lega Nord, guidata da Paolo Grimoldi. Infatti nella giornata di sabato marzo, a Pisa, \u00e8 stata fondata l&#8217;associazione Patto per il Nord Toscana.<\/p>\n<p>Durante i lavori dell\u2019assemblea sono stati chiariti i<strong>\u00a0concetti chiave dell\u2019azione politica di Patto per il Nord: federalismo, meritocrazia e liberalismo.\u00a0<\/strong>\u00c8 stata ribadita pi\u00f9 volte la volont\u00e0 di diventare il\u00a0<strong>Sindacato del Territorio, per la tutela del ceto medio produttivo e per lo sviluppo economico locale,<\/strong>\u00a0con un approccio efficiente ed efficace.<\/p>\n<p>Tra i vari argomenti trattati, la<strong>\u00a0tutela delle tradizioni e delle culture locali e la lotta ad uno Stato centrale che soffoca di tasse i territori sperperando il denaro pubblico<\/strong>, s<strong>enza fornire servizi essenziali, come quelli sanitari di base e la sicurezza dei cittadini.\u00a0<\/strong>Per questi motivi \u00e8 stato sollevato il problema dell\u2019astensionismo e la volont\u00e0, da parte di<strong>\u00a0Patto per il Nord, di riportare al voto questi cittadini delusi dalla politica.<\/strong><\/p>\n<p>Una delle iniziative citate durante l\u2019incontro \u00e8 stata quella di\u00a0<strong>candidare solo persone che abbiano un lavoro,<\/strong> per evitare di trovarsi con eletti dipendenti dalla politica ed incompetenti, perch\u00e8 non hanno mai saputo confrontarsi con il mondo del lavoro. L<strong>\u2018associazione si professa n\u00e8 di destra n\u00e8 di sinistra, ma solo vicina alle esigenze dei territori. <\/strong>Il Nord come modello e lo stop all\u2019assistenzialismo al Sud: le differenze non si colmano regalando il residuo fiscale di chi lo produce. Nel pubblico erano presenti la\u00a0<strong>Senatrice Rosellina Sbrana,<\/strong>\u00a0il\u00a0<strong>Senatore Giuseppe Leoni<\/strong>\u00a0e il<strong>\u00a0Senatore Manuel Vescovi<\/strong>.<\/p>\n<p><strong>.<\/strong><\/p>\n","protected":false},"excerpt":{"rendered":"<p>Continua, senza sosta e senza tregua, l&#8217;opera di radicamento del Patto per il Nord, associazione politico culturale che vuole rilanciare battaglie storiche della &#8220;vecchia&#8221; Lega Nord, guidata da Paolo Grimoldi. Infatti nella giornata di sabato marzo, a Pisa, \u00e8 stata fondata l&#8217;associazione Patto per il Nord Toscana. Durante i lavori dell\u2019assemblea sono stati chiariti i\u00a0concetti [&hellip;]<\/p>\n","protected":false},"author":3,"featured_media":2326,"comment_status":"open","ping_status":"closed","sticky":false,"template":"","format":"standard","meta":{"om_disable_all_campaigns":false,"_monsterinsights_skip_tracking":false,"_monsterinsights_sitenote_active":false,"_monsterinsights_sitenote_note":"","_monsterinsights_sitenote_category":0,"_uf_show_specific_survey":0,"_uf_disable_surveys":false,"footnotes":""},"categories":[36],"tags":[],"class_list":{"0":"post-2325","1":"post","2":"type-post","3":"status-publish","4":"format-standard","5":"has-post-thumbnail","7":"category-prima-i-territori"},"aioseo_notices":[],"_links":{"self":[{"href":"https:\/\/ilsovranista.com\/index.php?rest_route=\/wp\/v2\/posts\/2325","targetHints":{"allow":["GET"]}}],"collection":[{"href":"https:\/\/ilsovranista.com\/index.php?rest_route=\/wp\/v2\/posts"}],"about":[{"href":"https:\/\/ilsovranista.com\/index.php?rest_route=\/wp\/v2\/types\/post"}],"author":[{"embeddable":true,"href":"https:\/\/ilsovranista.com\/index.php?rest_route=\/wp\/v2\/users\/3"}],"replies":[{"embeddable":true,"href":"https:\/\/ilsovranista.com\/index.php?rest_route=%2Fwp%2Fv2%2Fcomments&post=2325"}],"version-history":[{"count":2,"href":"https:\/\/ilsovranista.com\/index.php?rest_route=\/wp\/v2\/posts\/2325\/revisions"}],"predecessor-version":[{"id":2328,"href":"https:\/\/ilsovranista.com\/index.php?rest_route=\/wp\/v2\/posts\/2325\/revisions\/2328"}],"wp:featuredmedia":[{"embeddable":true,"href":"https:\/\/ilsovranista.com\/index.php?rest_route=\/wp\/v2\/media\/2326"}],"wp:attachment":[{"href":"https:\/\/ilsovranista.com\/index.php?rest_route=%2Fwp%2Fv2%2Fmedia&parent=2325"}],"wp:term":[{"taxonomy":"category","embeddable":true,"href":"https:\/\/ilsovranista.com\/index.php?rest_route=%2Fwp%2Fv2%2Fcategories&post=2325"},{"taxonomy":"post_tag","embeddable":true,"href":"https:\/\/ilsovranista.com\/index.php?rest_route=%2Fwp%2Fv2%2Ftags&post=2325"}],"curies":[{"name":"wp","href":"https:\/\/api.w.org\/{rel}","templated":true}]}}