{"id":2313,"date":"2025-03-11T19:06:25","date_gmt":"2025-03-11T18:06:25","guid":{"rendered":"https:\/\/ilsovranista.com\/?p=2313"},"modified":"2025-03-11T19:06:25","modified_gmt":"2025-03-11T18:06:25","slug":"rieti-bucalo-fdi-piena-solidarieta-alla-premier-quello-che-e-accaduto-nulla-ha-a-che-fare-con-il-carnevale","status":"publish","type":"post","link":"https:\/\/ilsovranista.com\/?p=2313","title":{"rendered":"Rieti, Bucalo (FdI): \u201cPiena solidariet\u00e0 alla premier. Quello che \u00e8 accaduto nulla ha a che fare con il carnevale\u201d"},"content":{"rendered":"<p>&#8220;Quello che \u00e8 accaduto a Rieti durante il Carnevale di Poggio Mirteto, dove \u00e8 stato dato alle fiamme un fantoccio di <strong>Giorgia Meloni<\/strong>, nulla ha a che fare con la gioiosit\u00e0 e lo scherno tipico del carnevale. Si tratta di un fatto gravissimo che inneggia all\u2019odio verso la premier e le istituzioni democratiche. Al Presidente del Consiglio Giorgia Meloni tutta la mia solidariet\u00e0&#8221;.<\/p>\n<p>Lo dichiara in una nota, diffusa alla stampa, <strong>Ella Bucalo<\/strong>, senatore di <strong>Fratelli d&#8217;Italia<\/strong><\/p>\n","protected":false},"excerpt":{"rendered":"<p>&#8220;Quello che \u00e8 accaduto a Rieti durante il Carnevale di Poggio Mirteto, dove \u00e8 stato dato alle fiamme un fantoccio di Giorgia Meloni, nulla ha a che fare con la gioiosit\u00e0 e lo scherno tipico del carnevale. Si tratta di un fatto gravissimo che inneggia all\u2019odio verso la premier e le istituzioni democratiche. Al Presidente [&hellip;]<\/p>\n","protected":false},"author":3,"featured_media":2315,"comment_status":"open","ping_status":"closed","sticky":false,"template":"","format":"standard","meta":{"om_disable_all_campaigns":false,"_monsterinsights_skip_tracking":false,"_monsterinsights_sitenote_active":false,"_monsterinsights_sitenote_note":"","_monsterinsights_sitenote_category":0,"_uf_show_specific_survey":0,"_uf_disable_surveys":false,"footnotes":""},"categories":[1],"tags":[],"class_list":{"0":"post-2313","1":"post","2":"type-post","3":"status-publish","4":"format-standard","5":"has-post-thumbnail","7":"category-senza-categoria"},"aioseo_notices":[],"_links":{"self":[{"href":"https:\/\/ilsovranista.com\/index.php?rest_route=\/wp\/v2\/posts\/2313","targetHints":{"allow":["GET"]}}],"collection":[{"href":"https:\/\/ilsovranista.com\/index.php?rest_route=\/wp\/v2\/posts"}],"about":[{"href":"https:\/\/ilsovranista.com\/index.php?rest_route=\/wp\/v2\/types\/post"}],"author":[{"embeddable":true,"href":"https:\/\/ilsovranista.com\/index.php?rest_route=\/wp\/v2\/users\/3"}],"replies":[{"embeddable":true,"href":"https:\/\/ilsovranista.com\/index.php?rest_route=%2Fwp%2Fv2%2Fcomments&post=2313"}],"version-history":[{"count":1,"href":"https:\/\/ilsovranista.com\/index.php?rest_route=\/wp\/v2\/posts\/2313\/revisions"}],"predecessor-version":[{"id":2314,"href":"https:\/\/ilsovranista.com\/index.php?rest_route=\/wp\/v2\/posts\/2313\/revisions\/2314"}],"wp:featuredmedia":[{"embeddable":true,"href":"https:\/\/ilsovranista.com\/index.php?rest_route=\/wp\/v2\/media\/2315"}],"wp:attachment":[{"href":"https:\/\/ilsovranista.com\/index.php?rest_route=%2Fwp%2Fv2%2Fmedia&parent=2313"}],"wp:term":[{"taxonomy":"category","embeddable":true,"href":"https:\/\/ilsovranista.com\/index.php?rest_route=%2Fwp%2Fv2%2Fcategories&post=2313"},{"taxonomy":"post_tag","embeddable":true,"href":"https:\/\/ilsovranista.com\/index.php?rest_route=%2Fwp%2Fv2%2Ftags&post=2313"}],"curies":[{"name":"wp","href":"https:\/\/api.w.org\/{rel}","templated":true}]}}