{"id":2307,"date":"2025-03-11T18:59:41","date_gmt":"2025-03-11T17:59:41","guid":{"rendered":"https:\/\/ilsovranista.com\/?p=2307"},"modified":"2025-03-11T18:59:41","modified_gmt":"2025-03-11T17:59:41","slug":"congresso-lega-il-veneto-stefani-presenta-la-mozione-identita-e-futuro","status":"publish","type":"post","link":"https:\/\/ilsovranista.com\/?p=2307","title":{"rendered":"Congresso Lega, il veneto Stefani presenta la mozione identit\u00e0 e futuro"},"content":{"rendered":"<p>Si avvia la macchina congressuale della <strong>Lega,<\/strong> con l&#8217;annuncio della prima mozione: \u00e8 firmata dal vice di Matteo Salvini, il veneto A<strong>lberto Stefani<\/strong>, e si intitola &#8220;<strong>Identit\u00e0 \u00e8<\/strong> <strong>futuro<\/strong>&#8220;. Il regolamento congressuale ancora non c&#8217;\u00e8, non si sa quante firme saranno necessarie per ammettere al voto la mozione, ma intanto un tema &#8220;forte&#8221; per il Carroccio come quello dell&#8217;identit\u00e0 e del legame coi territori \u00e8 stato &#8220;prenotato&#8221; dai fedelissimi di Salvini. Bruciati dunque sul tempo i leghisti che al congresso della Lega Lombarda, con Massimiliano Romeo, hanno sfidato vittoriosamente la linea del segretario Salvini per la Lega nazionale, chiedendo pi\u00f9 attenzione al Nord e ai temi tradizionali.<\/p>\n<p>La difesa dell&#8217;identit\u00e0 locale \u00e8 il Dna di questo movimento: autonomia, federalismo fiscale, buongoverno, lotta al globalismo omologante, protezione delle nostre comunit\u00e0. La sfida del futuro si chiama identit\u00e0&#8221;, precisa Stefani al Gazzettino, spiegando l&#8217;impostazione della sua mozione. Che, \u00e8 bene precisarlo, non ha nulla a che vedere ad esempio con le mozioni dei congressi Pd, che rappresentano le piattaforme programmatiche di candidati alternativi alla segreteria.<\/p>\n","protected":false},"excerpt":{"rendered":"<p>Si avvia la macchina congressuale della Lega, con l&#8217;annuncio della prima mozione: \u00e8 firmata dal vice di Matteo Salvini, il veneto Alberto Stefani, e si intitola &#8220;Identit\u00e0 \u00e8 futuro&#8220;. Il regolamento congressuale ancora non c&#8217;\u00e8, non si sa quante firme saranno necessarie per ammettere al voto la mozione, ma intanto un tema &#8220;forte&#8221; per il [&hellip;]<\/p>\n","protected":false},"author":3,"featured_media":2308,"comment_status":"open","ping_status":"closed","sticky":false,"template":"","format":"standard","meta":{"om_disable_all_campaigns":false,"_monsterinsights_skip_tracking":false,"_monsterinsights_sitenote_active":false,"_monsterinsights_sitenote_note":"","_monsterinsights_sitenote_category":0,"_uf_show_specific_survey":0,"_uf_disable_surveys":false,"footnotes":""},"categories":[33],"tags":[],"class_list":{"0":"post-2307","1":"post","2":"type-post","3":"status-publish","4":"format-standard","5":"has-post-thumbnail","7":"category-politica"},"aioseo_notices":[],"_links":{"self":[{"href":"https:\/\/ilsovranista.com\/index.php?rest_route=\/wp\/v2\/posts\/2307","targetHints":{"allow":["GET"]}}],"collection":[{"href":"https:\/\/ilsovranista.com\/index.php?rest_route=\/wp\/v2\/posts"}],"about":[{"href":"https:\/\/ilsovranista.com\/index.php?rest_route=\/wp\/v2\/types\/post"}],"author":[{"embeddable":true,"href":"https:\/\/ilsovranista.com\/index.php?rest_route=\/wp\/v2\/users\/3"}],"replies":[{"embeddable":true,"href":"https:\/\/ilsovranista.com\/index.php?rest_route=%2Fwp%2Fv2%2Fcomments&post=2307"}],"version-history":[{"count":1,"href":"https:\/\/ilsovranista.com\/index.php?rest_route=\/wp\/v2\/posts\/2307\/revisions"}],"predecessor-version":[{"id":2309,"href":"https:\/\/ilsovranista.com\/index.php?rest_route=\/wp\/v2\/posts\/2307\/revisions\/2309"}],"wp:featuredmedia":[{"embeddable":true,"href":"https:\/\/ilsovranista.com\/index.php?rest_route=\/wp\/v2\/media\/2308"}],"wp:attachment":[{"href":"https:\/\/ilsovranista.com\/index.php?rest_route=%2Fwp%2Fv2%2Fmedia&parent=2307"}],"wp:term":[{"taxonomy":"category","embeddable":true,"href":"https:\/\/ilsovranista.com\/index.php?rest_route=%2Fwp%2Fv2%2Fcategories&post=2307"},{"taxonomy":"post_tag","embeddable":true,"href":"https:\/\/ilsovranista.com\/index.php?rest_route=%2Fwp%2Fv2%2Ftags&post=2307"}],"curies":[{"name":"wp","href":"https:\/\/api.w.org\/{rel}","templated":true}]}}