{"id":2259,"date":"2025-03-09T21:38:40","date_gmt":"2025-03-09T20:38:40","guid":{"rendered":"https:\/\/ilsovranista.com\/?p=2259"},"modified":"2025-03-09T21:56:16","modified_gmt":"2025-03-09T20:56:16","slug":"guerra-in-ucraina-ucraina-salvini-la-lega-dice-quello-che-governo-non-puo-dire","status":"publish","type":"post","link":"https:\/\/ilsovranista.com\/?p=2259","title":{"rendered":"Guerra in Ucraina, Salvini: &#8220;la Lega dice quello che Governo non pu\u00f2 dire&#8221;"},"content":{"rendered":"<p>Sulla guerra in <strong>Ucraina<\/strong> \u201cla linea la d\u00e0 il Presidente del Consiglio, io con Mosca non ho contatti da tre anni, da quando \u00e8 scoppiata la guerra evidentemente. Quando finir\u00e0 questa stramaledetta guerra sicuramente la Russia dovr\u00e0 tornare a essere un interlocutore, \u00e8 naturale. Cos\u00ec come io non sento abitualmente Trump come lo sente il Presidente del Consiglio, ma ritengo che sia grazie a lui che stiamo parlando di pace e quindi chi ritiene Trump un pericolo, un criminale, un fascista, un arrogante, sbaglia, bisogna essere tranquilli, pacati. Io penso che la Lega stia portando un contributo all&#8217;azione del Governo, magari facendo o dicendo quello che altri pensano ma non sempre possono dire\u201d. Lo ha detto il vicepresidente del Consiglio e ministro dei Trasporti <strong>Matteo Salvini<\/strong>, a margine di un appuntamento con i militanti in centro a Milano.<\/p>\n","protected":false},"excerpt":{"rendered":"<p>Sulla guerra in Ucraina \u201cla linea la d\u00e0 il Presidente del Consiglio, io con Mosca non ho contatti da tre anni, da quando \u00e8 scoppiata la guerra evidentemente. Quando finir\u00e0 questa stramaledetta guerra sicuramente la Russia dovr\u00e0 tornare a essere un interlocutore, \u00e8 naturale. Cos\u00ec come io non sento abitualmente Trump come lo sente il [&hellip;]<\/p>\n","protected":false},"author":3,"featured_media":2260,"comment_status":"open","ping_status":"closed","sticky":false,"template":"","format":"standard","meta":{"om_disable_all_campaigns":false,"_monsterinsights_skip_tracking":false,"_monsterinsights_sitenote_active":false,"_monsterinsights_sitenote_note":"","_monsterinsights_sitenote_category":0,"_uf_show_specific_survey":0,"_uf_disable_surveys":false,"footnotes":""},"categories":[33],"tags":[],"class_list":{"0":"post-2259","1":"post","2":"type-post","3":"status-publish","4":"format-standard","5":"has-post-thumbnail","7":"category-politica"},"aioseo_notices":[],"_links":{"self":[{"href":"https:\/\/ilsovranista.com\/index.php?rest_route=\/wp\/v2\/posts\/2259","targetHints":{"allow":["GET"]}}],"collection":[{"href":"https:\/\/ilsovranista.com\/index.php?rest_route=\/wp\/v2\/posts"}],"about":[{"href":"https:\/\/ilsovranista.com\/index.php?rest_route=\/wp\/v2\/types\/post"}],"author":[{"embeddable":true,"href":"https:\/\/ilsovranista.com\/index.php?rest_route=\/wp\/v2\/users\/3"}],"replies":[{"embeddable":true,"href":"https:\/\/ilsovranista.com\/index.php?rest_route=%2Fwp%2Fv2%2Fcomments&post=2259"}],"version-history":[{"count":2,"href":"https:\/\/ilsovranista.com\/index.php?rest_route=\/wp\/v2\/posts\/2259\/revisions"}],"predecessor-version":[{"id":2269,"href":"https:\/\/ilsovranista.com\/index.php?rest_route=\/wp\/v2\/posts\/2259\/revisions\/2269"}],"wp:featuredmedia":[{"embeddable":true,"href":"https:\/\/ilsovranista.com\/index.php?rest_route=\/wp\/v2\/media\/2260"}],"wp:attachment":[{"href":"https:\/\/ilsovranista.com\/index.php?rest_route=%2Fwp%2Fv2%2Fmedia&parent=2259"}],"wp:term":[{"taxonomy":"category","embeddable":true,"href":"https:\/\/ilsovranista.com\/index.php?rest_route=%2Fwp%2Fv2%2Fcategories&post=2259"},{"taxonomy":"post_tag","embeddable":true,"href":"https:\/\/ilsovranista.com\/index.php?rest_route=%2Fwp%2Fv2%2Ftags&post=2259"}],"curies":[{"name":"wp","href":"https:\/\/api.w.org\/{rel}","templated":true}]}}