{"id":2245,"date":"2025-03-08T00:43:45","date_gmt":"2025-03-07T23:43:45","guid":{"rendered":"https:\/\/ilsovranista.com\/?p=2245"},"modified":"2025-03-07T22:49:09","modified_gmt":"2025-03-07T21:49:09","slug":"lega-anche-nel-sannio-mobilitazione-per-la-pace-in-ucraina-e-la-pace-fiscale","status":"publish","type":"post","link":"https:\/\/ilsovranista.com\/?p=2245","title":{"rendered":"Lega, anche nel Sannio mobilitazione per la pace in Ucraina e la pace fiscale"},"content":{"rendered":"<p>&nbsp;<\/p>\n<p>Anche nel Sannio, ci sar\u00e0 la grande mobilitazione promossa per sabato 8 e domenica 9 marzo\u00a0 dalla Lega e da Matteo Salvini per la pace fiscale e la pace in Ucraina.<\/p>\n<p>&#8220;A sinistra parlano di armi e tasse patrimoniali, noi chiediamo pace, serenit\u00e0, meno tasse e pi\u00f9 lavoro&#8221;, afferma il segretario provinciale Luigi Bocchino. &#8220;La rottamazione definitiva delle cartelle esattoriali per milioni di italiani in buona fede \u00e8 necessaria, chiediamo una firma a beneventani e sanniti per sostenere questa iniziativa della Lega&#8221;, conclude il segretario provinciale dei salviniani.<br \/>\nCinque i gazebo che saranno allestiti in altrettanti comuni del territorio sannita. Domattina si inizia a Benevento citt\u00e0, dalle 10 alle 13.30: il banchetto per la raccolta firme sar\u00e0 a piazza Risorgimento, angola via Perasso. Nel pomeriggio di domani il banchetto sar\u00e0 allestito, dalle 16 alle 19, nella piazza principale di Calvi. Domenica mattina si replicher\u00e0 a San Giorgio del Sannio (dalle 9.30 alle 13) e a Pietrelcina (dalle 10.30 alle 13). Nel pomeriggio di domenica la mobilitazione si concluder\u00e0 con il banchetto della raccolta firme in piazza ad Amorosi, dalle 15.30 alle 18.<\/p>\n","protected":false},"excerpt":{"rendered":"<p>&nbsp; Anche nel Sannio, ci sar\u00e0 la grande mobilitazione promossa per sabato 8 e domenica 9 marzo\u00a0 dalla Lega e da Matteo Salvini per la pace fiscale e la pace in Ucraina. &#8220;A sinistra parlano di armi e tasse patrimoniali, noi chiediamo pace, serenit\u00e0, meno tasse e pi\u00f9 lavoro&#8221;, afferma il segretario provinciale Luigi Bocchino. [&hellip;]<\/p>\n","protected":false},"author":3,"featured_media":2246,"comment_status":"open","ping_status":"closed","sticky":false,"template":"","format":"standard","meta":{"om_disable_all_campaigns":false,"_monsterinsights_skip_tracking":false,"_monsterinsights_sitenote_active":false,"_monsterinsights_sitenote_note":"","_monsterinsights_sitenote_category":0,"_uf_show_specific_survey":0,"_uf_disable_surveys":false,"footnotes":""},"categories":[36],"tags":[],"class_list":{"0":"post-2245","1":"post","2":"type-post","3":"status-publish","4":"format-standard","5":"has-post-thumbnail","7":"category-prima-i-territori"},"aioseo_notices":[],"_links":{"self":[{"href":"https:\/\/ilsovranista.com\/index.php?rest_route=\/wp\/v2\/posts\/2245","targetHints":{"allow":["GET"]}}],"collection":[{"href":"https:\/\/ilsovranista.com\/index.php?rest_route=\/wp\/v2\/posts"}],"about":[{"href":"https:\/\/ilsovranista.com\/index.php?rest_route=\/wp\/v2\/types\/post"}],"author":[{"embeddable":true,"href":"https:\/\/ilsovranista.com\/index.php?rest_route=\/wp\/v2\/users\/3"}],"replies":[{"embeddable":true,"href":"https:\/\/ilsovranista.com\/index.php?rest_route=%2Fwp%2Fv2%2Fcomments&post=2245"}],"version-history":[{"count":1,"href":"https:\/\/ilsovranista.com\/index.php?rest_route=\/wp\/v2\/posts\/2245\/revisions"}],"predecessor-version":[{"id":2247,"href":"https:\/\/ilsovranista.com\/index.php?rest_route=\/wp\/v2\/posts\/2245\/revisions\/2247"}],"wp:featuredmedia":[{"embeddable":true,"href":"https:\/\/ilsovranista.com\/index.php?rest_route=\/wp\/v2\/media\/2246"}],"wp:attachment":[{"href":"https:\/\/ilsovranista.com\/index.php?rest_route=%2Fwp%2Fv2%2Fmedia&parent=2245"}],"wp:term":[{"taxonomy":"category","embeddable":true,"href":"https:\/\/ilsovranista.com\/index.php?rest_route=%2Fwp%2Fv2%2Fcategories&post=2245"},{"taxonomy":"post_tag","embeddable":true,"href":"https:\/\/ilsovranista.com\/index.php?rest_route=%2Fwp%2Fv2%2Ftags&post=2245"}],"curies":[{"name":"wp","href":"https:\/\/api.w.org\/{rel}","templated":true}]}}