{"id":2192,"date":"2025-03-04T16:31:29","date_gmt":"2025-03-04T15:31:29","guid":{"rendered":"https:\/\/ilsovranista.com\/?p=2192"},"modified":"2025-03-04T16:31:29","modified_gmt":"2025-03-04T15:31:29","slug":"roma-con-un-convegno-la-fiamma-tricolore-festeggia-30-anni-di-attivita-politica","status":"publish","type":"post","link":"https:\/\/ilsovranista.com\/?p=2192","title":{"rendered":"Roma, con un convegno la Fiamma Tricolore festeggia 30 anni di attivit\u00e0 politica"},"content":{"rendered":"<p>Sabato scorso a Roma, il Movimento Sociale Fiamma Tricolore, partito nato da una scissione interna al Movimento Sociale Italiano Destra Nazionale con un convegno ha festeggiato 30 anni di attivit\u00e0 politica.<\/p>\n<p>L&#8217; ufficio stampa del Movimento Sociale Fiamma Tricolore, guidato dal segretario Daniele Cerbella ci ha inviato una nota sull&#8217;evento che riportiamo integralmente<\/p>\n<p>&nbsp;<\/p>\n<p>Presso il centro congressi Cavour in Roma, si \u00e8 svolto un convegno in occasione dei 30 anni dalla nascita di <strong>Fiamma<\/strong> <strong>Tricolore<\/strong>. Una sala gremita oltre ogni immaginazione, \u00e8 questo lo sfondo che ha fatto da cornice a un evento che non \u00e8 stato solo ricordo, ma anche testimonianza del presente e del prossimo futuro. Si, perch\u00e9 non ci si \u00e8 limitati a celebrare i trent\u2019anni del nostro Partito, ma i bravissimi relatori, hanno focalizzato le loro attenzione sui temi di attualit\u00e0. E cos\u00ec abbiamo detto la nostra, convintamente ed \u00e8 stata disegnata la nostra prospettiva di Italia. Una Nazione che deve tornare ad essere sovrana, non fintamente come lo \u00e8 oggi ma al 100%, uno Stato che deve conformarsi ad essere \u201csociale\u201d nel senso pi\u00f9 alto del termine. Ci sono stati momenti particolarmente toccanti. I partecipanti all\u2019evento, accorsi da ogni parte d\u2019Italia, hanno saputo rendere quasi palpabile un senso di appartenenza talmente forte da andare ben oltre la mera passione politica. Abbiamo ricordato il nostro fondatore Pino Rauti, e cantato l\u2019inno del Movimento.<br \/>\nEmblematica la frase pronunciata da uno dei relatori: \u201ca Fiuggi non siamo stati noi gli scissionisti, ma gli altri\u201d. Quanto \u00e8 vero\u2026noi abbiamo scelto allora di rimanere quello che eravamo e trent\u2019anni dopo, abbiamo rinnovato quella scelta. Ringraziamo sentitamente tutti gli ospiti, le personalit\u00e0 accorse e gli esponenti di altri movimenti, che ieri hanno avuto la prova tangibile del fatto che la Fiamma non solo ancora esiste, ma arde come non mai, alimentata dall\u2019amore di chi, nonostante a volte potesse trattarsi della scelta pi\u00f9 difficile, ci ha sempre creduto e non l\u2019ha mai abbandonata.<\/p>\n","protected":false},"excerpt":{"rendered":"<p>Sabato scorso a Roma, il Movimento Sociale Fiamma Tricolore, partito nato da una scissione interna al Movimento Sociale Italiano Destra Nazionale con un convegno ha festeggiato 30 anni di attivit\u00e0 politica. L&#8217; ufficio stampa del Movimento Sociale Fiamma Tricolore, guidato dal segretario Daniele Cerbella ci ha inviato una nota sull&#8217;evento che riportiamo integralmente &nbsp; Presso [&hellip;]<\/p>\n","protected":false},"author":3,"featured_media":2193,"comment_status":"open","ping_status":"closed","sticky":false,"template":"","format":"standard","meta":{"om_disable_all_campaigns":false,"_monsterinsights_skip_tracking":false,"_monsterinsights_sitenote_active":false,"_monsterinsights_sitenote_note":"","_monsterinsights_sitenote_category":0,"_uf_show_specific_survey":0,"_uf_disable_surveys":false,"footnotes":""},"categories":[33],"tags":[],"class_list":{"0":"post-2192","1":"post","2":"type-post","3":"status-publish","4":"format-standard","5":"has-post-thumbnail","7":"category-politica"},"aioseo_notices":[],"_links":{"self":[{"href":"https:\/\/ilsovranista.com\/index.php?rest_route=\/wp\/v2\/posts\/2192","targetHints":{"allow":["GET"]}}],"collection":[{"href":"https:\/\/ilsovranista.com\/index.php?rest_route=\/wp\/v2\/posts"}],"about":[{"href":"https:\/\/ilsovranista.com\/index.php?rest_route=\/wp\/v2\/types\/post"}],"author":[{"embeddable":true,"href":"https:\/\/ilsovranista.com\/index.php?rest_route=\/wp\/v2\/users\/3"}],"replies":[{"embeddable":true,"href":"https:\/\/ilsovranista.com\/index.php?rest_route=%2Fwp%2Fv2%2Fcomments&post=2192"}],"version-history":[{"count":1,"href":"https:\/\/ilsovranista.com\/index.php?rest_route=\/wp\/v2\/posts\/2192\/revisions"}],"predecessor-version":[{"id":2194,"href":"https:\/\/ilsovranista.com\/index.php?rest_route=\/wp\/v2\/posts\/2192\/revisions\/2194"}],"wp:featuredmedia":[{"embeddable":true,"href":"https:\/\/ilsovranista.com\/index.php?rest_route=\/wp\/v2\/media\/2193"}],"wp:attachment":[{"href":"https:\/\/ilsovranista.com\/index.php?rest_route=%2Fwp%2Fv2%2Fmedia&parent=2192"}],"wp:term":[{"taxonomy":"category","embeddable":true,"href":"https:\/\/ilsovranista.com\/index.php?rest_route=%2Fwp%2Fv2%2Fcategories&post=2192"},{"taxonomy":"post_tag","embeddable":true,"href":"https:\/\/ilsovranista.com\/index.php?rest_route=%2Fwp%2Fv2%2Ftags&post=2192"}],"curies":[{"name":"wp","href":"https:\/\/api.w.org\/{rel}","templated":true}]}}