{"id":2145,"date":"2025-03-01T19:40:12","date_gmt":"2025-03-01T18:40:12","guid":{"rendered":"https:\/\/ilsovranista.com\/?p=2145"},"modified":"2025-03-01T19:40:12","modified_gmt":"2025-03-01T18:40:12","slug":"casalecchio-toglie-la-cittadinanza-onoraria-a-mussolini-fratelli-ditalia-non-vota","status":"publish","type":"post","link":"https:\/\/ilsovranista.com\/?p=2145","title":{"rendered":"Casalecchio toglie la cittadinanza onoraria a Mussolini, Fratelli d&#8217;Italia non vota"},"content":{"rendered":"<p><strong>Fratelli d\u2019Italia<\/strong> non vota per revocare la cittadinanza onoraria a Benito Mussolini. \u00c8 successo gioved\u00ec, durante il Consiglio comunale di<strong> Casalecchio di Reno<\/strong> in cui \u00e8 stata decisa la cancellazione dell\u2019onorificenza conferita al Duce nel 1924 dal municipio alle porte di Bologna. Una decisione a cui per\u00f2 il partito di Giorgia Meloni non ha partecipato, non presentandosi in aula: \u201criteniamo che demonizzare una ideologia, per quanto controversa e discutibile, sia un fatto da stupidi &#8211; ha detto il consigliere Pietro Cappellini, precisando Ci sono esponenti del comunismo che oggi meriterebbero la revoca?\u201d<\/p>\n<div data-move=\"\" data-move--destination=\"[data-content--body]\" data-move--destination-closest=\"\" data-move--destination-position=\"15%\" data-move--destination-distance=\"10%\" data-move--internal-processed=\"\">\n<div class=\"slot slot-intext-0\">\n<div>Tutti i gruppi in assemblea, compreso il resto del centro-destra, hanno votato a favore. Ma quella di Fdi \u00e8 una decisione che, assicura il consigliere, arriva dopo una riflessione: \u201cCi abbiamo pensato tanto, abbiamo parlato con tanti cittadini. Non vogliamo giustificare le azioni del passato, per\u00f2 un periodo storico va analizzato, non rimesso in discussione\u201d. <small><\/small><\/div>\n<\/div>\n<\/div>\n","protected":false},"excerpt":{"rendered":"<p>Fratelli d\u2019Italia non vota per revocare la cittadinanza onoraria a Benito Mussolini. \u00c8 successo gioved\u00ec, durante il Consiglio comunale di Casalecchio di Reno in cui \u00e8 stata decisa la cancellazione dell\u2019onorificenza conferita al Duce nel 1924 dal municipio alle porte di Bologna. Una decisione a cui per\u00f2 il partito di Giorgia Meloni non ha partecipato, [&hellip;]<\/p>\n","protected":false},"author":3,"featured_media":2146,"comment_status":"open","ping_status":"closed","sticky":false,"template":"","format":"standard","meta":{"om_disable_all_campaigns":false,"_monsterinsights_skip_tracking":false,"_monsterinsights_sitenote_active":false,"_monsterinsights_sitenote_note":"","_monsterinsights_sitenote_category":0,"_uf_show_specific_survey":0,"_uf_disable_surveys":false,"footnotes":""},"categories":[36],"tags":[],"class_list":{"0":"post-2145","1":"post","2":"type-post","3":"status-publish","4":"format-standard","5":"has-post-thumbnail","7":"category-prima-i-territori"},"aioseo_notices":[],"_links":{"self":[{"href":"https:\/\/ilsovranista.com\/index.php?rest_route=\/wp\/v2\/posts\/2145","targetHints":{"allow":["GET"]}}],"collection":[{"href":"https:\/\/ilsovranista.com\/index.php?rest_route=\/wp\/v2\/posts"}],"about":[{"href":"https:\/\/ilsovranista.com\/index.php?rest_route=\/wp\/v2\/types\/post"}],"author":[{"embeddable":true,"href":"https:\/\/ilsovranista.com\/index.php?rest_route=\/wp\/v2\/users\/3"}],"replies":[{"embeddable":true,"href":"https:\/\/ilsovranista.com\/index.php?rest_route=%2Fwp%2Fv2%2Fcomments&post=2145"}],"version-history":[{"count":1,"href":"https:\/\/ilsovranista.com\/index.php?rest_route=\/wp\/v2\/posts\/2145\/revisions"}],"predecessor-version":[{"id":2147,"href":"https:\/\/ilsovranista.com\/index.php?rest_route=\/wp\/v2\/posts\/2145\/revisions\/2147"}],"wp:featuredmedia":[{"embeddable":true,"href":"https:\/\/ilsovranista.com\/index.php?rest_route=\/wp\/v2\/media\/2146"}],"wp:attachment":[{"href":"https:\/\/ilsovranista.com\/index.php?rest_route=%2Fwp%2Fv2%2Fmedia&parent=2145"}],"wp:term":[{"taxonomy":"category","embeddable":true,"href":"https:\/\/ilsovranista.com\/index.php?rest_route=%2Fwp%2Fv2%2Fcategories&post=2145"},{"taxonomy":"post_tag","embeddable":true,"href":"https:\/\/ilsovranista.com\/index.php?rest_route=%2Fwp%2Fv2%2Ftags&post=2145"}],"curies":[{"name":"wp","href":"https:\/\/api.w.org\/{rel}","templated":true}]}}