{"id":2142,"date":"2025-03-01T19:33:32","date_gmt":"2025-03-01T18:33:32","guid":{"rendered":"https:\/\/ilsovranista.com\/?p=2142"},"modified":"2025-03-01T19:33:32","modified_gmt":"2025-03-01T18:33:32","slug":"meno-degrado-piu-sicurezza-fratelli-ditalia-scende-in-piazza-per-una-milano-piu-sicura","status":"publish","type":"post","link":"https:\/\/ilsovranista.com\/?p=2142","title":{"rendered":"Meno degrado, pi\u00f9 sicurezza, Fratelli d&#8217;Italia scende in piazza per una Milano pi\u00f9 sicura"},"content":{"rendered":"<p>Oggi Fratelli d\u2019Italia \u00e8 scesa in piazza con un doppio appuntamento sul territorio per ribadire il proprio impegno contro il degrado e per una citt\u00e0 pi\u00f9 sicura. Due gazebo, uno in via Padova e uno in via Traiano, hanno visto la partecipazione di numerosi cittadini, militanti e rappresentanti istituzionali del partito.<\/p>\n<p>L\u2019iniziativa ha visto protagonisti i coordinatori cittadini <strong>Simone Orlandi<\/strong> e <strong>Deborah Dell\u2019Acqua<\/strong>, affiancati da numerosi consiglieri di Municipio, consiglieri comunali e parlamentari, uniti nel denunciare le criticit\u00e0 che affliggono queste aree e nel proporre soluzioni concrete per garantire decoro e sicurezza ai residenti.<\/p>\n<p>La mobilitazione di oggi si inserisce, precisano Orlandi e Dell&#8217;Acqua, in un percorso di attenzione costante alle problematiche della citt\u00e0, con l\u2019obiettivo di restituire a Milano il decoro e la vivibilit\u00e0 che merita. Fratelli d\u2019Italia continuer\u00e0 a essere presente sul territorio con iniziative e proposte concrete per una citt\u00e0 pi\u00f9 sicura e a misura di cittadino.<\/p>\n","protected":false},"excerpt":{"rendered":"<p>Oggi Fratelli d\u2019Italia \u00e8 scesa in piazza con un doppio appuntamento sul territorio per ribadire il proprio impegno contro il degrado e per una citt\u00e0 pi\u00f9 sicura. Due gazebo, uno in via Padova e uno in via Traiano, hanno visto la partecipazione di numerosi cittadini, militanti e rappresentanti istituzionali del partito. L\u2019iniziativa ha visto protagonisti [&hellip;]<\/p>\n","protected":false},"author":3,"featured_media":2143,"comment_status":"open","ping_status":"closed","sticky":false,"template":"","format":"standard","meta":{"om_disable_all_campaigns":false,"_monsterinsights_skip_tracking":false,"_monsterinsights_sitenote_active":false,"_monsterinsights_sitenote_note":"","_monsterinsights_sitenote_category":0,"_uf_show_specific_survey":0,"_uf_disable_surveys":false,"footnotes":""},"categories":[36],"tags":[],"class_list":{"0":"post-2142","1":"post","2":"type-post","3":"status-publish","4":"format-standard","5":"has-post-thumbnail","7":"category-prima-i-territori"},"aioseo_notices":[],"_links":{"self":[{"href":"https:\/\/ilsovranista.com\/index.php?rest_route=\/wp\/v2\/posts\/2142","targetHints":{"allow":["GET"]}}],"collection":[{"href":"https:\/\/ilsovranista.com\/index.php?rest_route=\/wp\/v2\/posts"}],"about":[{"href":"https:\/\/ilsovranista.com\/index.php?rest_route=\/wp\/v2\/types\/post"}],"author":[{"embeddable":true,"href":"https:\/\/ilsovranista.com\/index.php?rest_route=\/wp\/v2\/users\/3"}],"replies":[{"embeddable":true,"href":"https:\/\/ilsovranista.com\/index.php?rest_route=%2Fwp%2Fv2%2Fcomments&post=2142"}],"version-history":[{"count":1,"href":"https:\/\/ilsovranista.com\/index.php?rest_route=\/wp\/v2\/posts\/2142\/revisions"}],"predecessor-version":[{"id":2144,"href":"https:\/\/ilsovranista.com\/index.php?rest_route=\/wp\/v2\/posts\/2142\/revisions\/2144"}],"wp:featuredmedia":[{"embeddable":true,"href":"https:\/\/ilsovranista.com\/index.php?rest_route=\/wp\/v2\/media\/2143"}],"wp:attachment":[{"href":"https:\/\/ilsovranista.com\/index.php?rest_route=%2Fwp%2Fv2%2Fmedia&parent=2142"}],"wp:term":[{"taxonomy":"category","embeddable":true,"href":"https:\/\/ilsovranista.com\/index.php?rest_route=%2Fwp%2Fv2%2Fcategories&post=2142"},{"taxonomy":"post_tag","embeddable":true,"href":"https:\/\/ilsovranista.com\/index.php?rest_route=%2Fwp%2Fv2%2Ftags&post=2142"}],"curies":[{"name":"wp","href":"https:\/\/api.w.org\/{rel}","templated":true}]}}