{"id":2100,"date":"2025-02-27T20:15:31","date_gmt":"2025-02-27T19:15:31","guid":{"rendered":"https:\/\/ilsovranista.com\/?p=2100"},"modified":"2025-02-27T20:15:31","modified_gmt":"2025-02-27T19:15:31","slug":"schlein-pd-meloni-vassalla-di-un-progetto-di-disgregazione-dellue","status":"publish","type":"post","link":"https:\/\/ilsovranista.com\/?p=2100","title":{"rendered":"Schlein (Pd): Meloni vassalla di un progetto di disgregazione dell&#8217;Ue"},"content":{"rendered":"<p>&#8220;L&#8217;Ue non potr\u00e0 pi\u00f9 contare sull&#8217;affidabilit\u00e0 della partnership degli Usa, almeno per il tempo della presidenza Trump, che anche ieri \u00e8 tornato all&#8217;attacco dell&#8217;Ue. E&#8217; gravissimo che Meloni non abbia detto una parola su questo, in tutti questi giorni&#8221;.<\/p>\n<p>Lo ha detto\u00a0<strong> Elly Schlein <\/strong>segretario nazionale del <strong>Partito Democratico <\/strong>\u00a0nella relazione alla direzione del partito, in corso al Nazareno a Roma. Meloni \u00e8 &#8220;vassalla di un progetto di disgregazione europea&#8221;. Quella dei dazi &#8220;\u00e8 una guerra commerciale che pagheranno imprese e lavoratori italiani&#8221;.<\/p>\n<p id=\"ob\">\n<div id=\"inArticle\">\n<aside>\n<div class=\"ob-smartfeed-wrapper feedIdx-0\">\n<div id=\"outbrain_widget_0\" class=\"OUTBRAIN\" data-src=\"DROP_PERMALINK_HERE\" data-widget-id=\"AR_4\" data-ob-mark=\"true\" data-browser=\"chrome\" data-os=\"win32\" data-dynload=\"\" data-idx=\"0\">\n<div class=\"ob-widget ob-feed-layout CR_7\">\n<div class=\"ob-widget-header\"><span class=\"ob-widget-text\">\u00a0<\/span><\/div>\n<\/div>\n<\/div>\n<\/div>\n<\/aside>\n<\/div>\n","protected":false},"excerpt":{"rendered":"<p>&#8220;L&#8217;Ue non potr\u00e0 pi\u00f9 contare sull&#8217;affidabilit\u00e0 della partnership degli Usa, almeno per il tempo della presidenza Trump, che anche ieri \u00e8 tornato all&#8217;attacco dell&#8217;Ue. E&#8217; gravissimo che Meloni non abbia detto una parola su questo, in tutti questi giorni&#8221;. Lo ha detto\u00a0 Elly Schlein segretario nazionale del Partito Democratico \u00a0nella relazione alla direzione del partito, [&hellip;]<\/p>\n","protected":false},"author":3,"featured_media":2101,"comment_status":"open","ping_status":"closed","sticky":false,"template":"","format":"standard","meta":{"om_disable_all_campaigns":false,"_monsterinsights_skip_tracking":false,"_monsterinsights_sitenote_active":false,"_monsterinsights_sitenote_note":"","_monsterinsights_sitenote_category":0,"_uf_show_specific_survey":0,"_uf_disable_surveys":false,"footnotes":""},"categories":[33],"tags":[],"class_list":{"0":"post-2100","1":"post","2":"type-post","3":"status-publish","4":"format-standard","5":"has-post-thumbnail","7":"category-politica"},"aioseo_notices":[],"_links":{"self":[{"href":"https:\/\/ilsovranista.com\/index.php?rest_route=\/wp\/v2\/posts\/2100","targetHints":{"allow":["GET"]}}],"collection":[{"href":"https:\/\/ilsovranista.com\/index.php?rest_route=\/wp\/v2\/posts"}],"about":[{"href":"https:\/\/ilsovranista.com\/index.php?rest_route=\/wp\/v2\/types\/post"}],"author":[{"embeddable":true,"href":"https:\/\/ilsovranista.com\/index.php?rest_route=\/wp\/v2\/users\/3"}],"replies":[{"embeddable":true,"href":"https:\/\/ilsovranista.com\/index.php?rest_route=%2Fwp%2Fv2%2Fcomments&post=2100"}],"version-history":[{"count":1,"href":"https:\/\/ilsovranista.com\/index.php?rest_route=\/wp\/v2\/posts\/2100\/revisions"}],"predecessor-version":[{"id":2102,"href":"https:\/\/ilsovranista.com\/index.php?rest_route=\/wp\/v2\/posts\/2100\/revisions\/2102"}],"wp:featuredmedia":[{"embeddable":true,"href":"https:\/\/ilsovranista.com\/index.php?rest_route=\/wp\/v2\/media\/2101"}],"wp:attachment":[{"href":"https:\/\/ilsovranista.com\/index.php?rest_route=%2Fwp%2Fv2%2Fmedia&parent=2100"}],"wp:term":[{"taxonomy":"category","embeddable":true,"href":"https:\/\/ilsovranista.com\/index.php?rest_route=%2Fwp%2Fv2%2Fcategories&post=2100"},{"taxonomy":"post_tag","embeddable":true,"href":"https:\/\/ilsovranista.com\/index.php?rest_route=%2Fwp%2Fv2%2Ftags&post=2100"}],"curies":[{"name":"wp","href":"https:\/\/api.w.org\/{rel}","templated":true}]}}