{"id":2093,"date":"2025-02-27T19:59:05","date_gmt":"2025-02-27T18:59:05","guid":{"rendered":"https:\/\/ilsovranista.com\/?p=2093"},"modified":"2025-02-27T19:59:39","modified_gmt":"2025-02-27T18:59:39","slug":"pozzolo-io-espulso-da-fratelli-ditalia-dalla-sospensione-non-ho-rinnovato-la-tessera","status":"publish","type":"post","link":"https:\/\/ilsovranista.com\/?p=2093","title":{"rendered":"Pozzolo: \u201cIo espulso da Fratelli d\u2019Italia? Dalla sospensione non ho rinnovato la tessera\u201d"},"content":{"rendered":"<p><strong>Estratto dell\u2019articolo di Federico Capurso per\u00a0<a href=\"http:\/\/www.lastampa.it\/\" target=\"_blank\" rel=\"noopener\">\u201cLa Stampa\u201d<\/a><\/strong><\/p>\n<p class=\"disable\">A Montecitorio, ieri, alcuni eletti di Fratelli d&#8217;Italia si salutavano mimando il gesto di una pistola. Altri mostravano una foto di Emanuele Pozzolo presa dal web in cui il deputato di FdI regge un cartello con su scritto: &#8220;Stop executions in Iran&#8221;: l&#8217;hanno ritoccata e ora di legge &#8220;Stop executions a Capodanno&#8221;. Sghignazzano[..]<\/p>\n<p class=\"disable\">Il nome di Pozzolo, improvvisamente, \u00e8 tornato sulle bocche dei parlamentari di Fratelli d&#8217;Italia. Marted\u00ec si \u00e8 aperto a Biella il processo per quello sparo che un anno fa, a una festicciola la notte di Capodanno, part\u00ec dalla sua pistola ferendo uno dei partecipanti. Sempre marted\u00ec, per uno scherzo del destino, la Camera registrava per errore la sua presenza in Aula e il voto a favore della sfiducia di Daniela Santanch\u00e9, anche se lui non era a Roma.<\/p>\n<p><a class=\"float-left img-wrapper\" href=\"https:\/\/www.dagospia.com\/media-gallery\/dago-fotogallery-462518\/1937652\"><img decoding=\"async\" id=\"1937652\" src=\"https:\/\/www.dagospia.com\/img\/foto\/01-2024\/emanuele-pozzolo-giustizia-e-fatta-vignetta-by-macondo-1937652_800_q50.webp\" \/><span class=\"img-title\">EMANUELE POZZOLO &#8211; GIUSTIZIA E FATTA? &#8211; VIGNETTA BY MACONDO<\/span><\/a><\/p>\n<p class=\"disable\">Poi Il Foglio, ieri mattina, d\u00e0 notizia della sua espulsione da Fratelli d&#8217;Italia. E cos\u00ec, Pozzolo, sbotta: \u00abMi aspetterei dal mio partito lo stesso trattamento che ha riservato a tanti altri\u00bb.<\/p>\n<p class=\"disable\"><strong>Si riferisce agli altri passati da un processo, come Delmastro, Santanch\u00e9 o Montaruli?<\/strong><\/p>\n<p class=\"disable\">\u00abDico solo che io sono stato leale e che mi aspetto la stessa lealt\u00e0. Soprattutto vorrei le stesse garanzie che tutti gli altri ricevono in un procedimento, che sia in tribunale o davanti ai probiviri del partito\u00bb.<\/p>\n<p class=\"disable\">[&#8230;]<\/p>\n<p><a class=\"float-right img-wrapper\" href=\"https:\/\/www.dagospia.com\/media-gallery\/dago-fotogallery-462518\/1937286\"><img decoding=\"async\" id=\"1937286\" src=\"https:\/\/www.dagospia.com\/img\/foto\/01-2024\/emanuele-pozzolo-e-andrea-delmastro-1937286_800_q50.webp\" \/><span class=\"img-title\">EMANUELE POZZOLO E ANDREA DELMASTRO<\/span><\/a><\/p>\n<p class=\"disable\"><strong>Allora facciamo ordine. Lei \u00e8 stato sospeso da FdI dopo quello sparo a Capodanno, giusto?<\/strong><\/p>\n<p class=\"disable\">\u00abS\u00ec, ma sono ancora iscritto al gruppo parlamentare e siedo ai banchi di Fratelli d&#8217;Italia alla Camera\u00bb.<\/p>\n<p class=\"disable\"><strong>Non l&#8217;hanno espulsa?<\/strong><\/p>\n<p class=\"disable\">\u00abQualcuno scrive di s\u00ec, altri dicono di no. A me non risulta. Ma non riesco a capire\u00bb.<\/p>\n<p class=\"disable\"><strong>Cos&#8217;\u00e8 che non capisce? Se \u00e8 stato espulso o meno?<\/strong><\/p>\n<p class=\"disable\">\u00abMa non perch\u00e9 sono scemo. Il fatto \u00e8 che io non ho ricevuto nessuna notifica di espulsione. E se qualcuno scrive il contrario, non ne capisco il motivo. \u00c8 una follia. Anche perch\u00e9 non ho pi\u00f9 la tessera di FdI. Da quando mi hanno sospeso non l&#8217;ho rinnovata, mi sembrava assurdo farlo\u00bb.<\/p>\n<p class=\"disable\"><strong>Quindi, senza tessera, sarebbe impossibile buttarla fuori. E nessuno le ha fatto capire, magari, che sarebbe stato inutile chiedere il rinnovo perch\u00e9 vogliono cacciarla?<\/strong><\/p>\n<p class=\"disable\">\u00abNessuno mi ha detto niente del genere\u00bb.<\/p>\n<p><a class=\"float-left img-wrapper\" href=\"https:\/\/www.dagospia.com\/media-gallery\/dago-fotogallery-462518\/1936305\"><img decoding=\"async\" id=\"1936305\" src=\"https:\/\/www.dagospia.com\/img\/foto\/01-2024\/giovanni-donzelli-giorgia-meloni-emanuele-pozzolo-1936305_800_q50.webp\" \/><span class=\"img-title\">giovanni donzelli giorgia meloni emanuele pozzolo.<\/span><\/a><\/p>\n<p class=\"disable\"><strong>Ma il procedimento dei probiviri contro di lei si \u00e8 chiuso?<\/strong><\/p>\n<p class=\"disable\">\u00abNon che io sappia. Magari mi hanno mandato da Roma un piccione viaggiatore e si \u00e8 perso per strada\u00bb.<\/p>\n<p class=\"disable\"><strong>E lei spera ancora di rientrare in FdI?<\/strong><\/p>\n<p class=\"disable\">\u00abLe speranze nella mia vita sono ben altre, per fortuna\u00bb.<\/p>\n<p class=\"disable\"><strong>Sembra che non gliene importi nulla.<\/strong><\/p>\n<p class=\"disable\">\u00abPer me \u00e8 una questione secondaria\u00bb.<\/p>\n<p class=\"disable\">[\u2026]\u00a0<strong>si \u00e8 fatto un&#8217;idea di un possibile approdo alternativo a FdI.<\/strong><\/p>\n<p class=\"disable\">\u00abNon mi sono messo all&#8217;asta\u00bb.<\/p>\n<p><a class=\"float-right img-wrapper\" href=\"https:\/\/www.dagospia.com\/media-gallery\/dago-fotogallery-462518\/1969903\"><img decoding=\"async\" id=\"1969903\" src=\"https:\/\/www.dagospia.com\/img\/foto\/03-2024\/emanuele-pozzolo-la-pistola-residui-di-sparo-1969903_800_q50.webp\" \/><span class=\"img-title\">EMANUELE POZZOLO &#8211; LA PISTOLA &#8211; RESIDUI DI SPARO<\/span><\/a><\/p>\n<p class=\"disable\"><strong>Si \u00e8 scritto volesse bussare alla porta dei renziani di Italia viva.<\/strong><\/p>\n<p class=\"disable\">\u00abSono stato candidato e votato per anni da una determinata area politica, da persone che sono riconosciute in una determinata area politica\u00bb.<\/p>\n<p>Fonte Dagospia<\/p>\n<p class=\"disable\"><strong>Le basta restare nel centrodestra quindi? Perch\u00e9 in effetti ci sono altre voci di abboccamenti con la Lega e con Noi Moderati.<\/strong><\/p>\n<p class=\"disable\">\u00abI partiti cambiano loghi e definizioni all&#8217;infinito. La domanda \u00e8 fuorviante\u00bb.<\/p>\n<p class=\"disable\"><strong>La domanda \u00e8 abbastanza precisa.<\/strong><\/p>\n<p class=\"disable\">\u00abParlare di area politica \u00e8 sufficientemente chiaro. Che io non sia un uomo di sinistra \u00e8 evidente, tutto il resto mi sembrano sciocchezze\u00bb.<\/p>\n<p><a class=\"float-left img-wrapper\" href=\"https:\/\/www.dagospia.com\/media-gallery\/dago-fotogallery-462518\/2052871\"><img decoding=\"async\" id=\"2052871\" src=\"https:\/\/www.dagospia.com\/img\/foto\/10-2024\/due-anni-di-governo-meloni-vignetta-by-natangelo-2052871_800_q50.webp\" \/><span class=\"img-title\">due anni di governo meloni &#8211; vignetta by natangelo<\/span><\/a><\/p>\n<p class=\"disable\"><strong>Insomma, non chiude alla Lega o a Noi Moderati.<\/strong><\/p>\n<p class=\"disable\">\u00abLe ho detto abbastanza. Ma se vuole pu\u00f2 scrivere che vado in Avs con Bonelli e Fratoianni, o che mi iscrivo al Partito democratico. Ecco, lo scriva: forse Pozzolo va nel Pd<\/p>\n<p>&nbsp;<\/p>\n","protected":false},"excerpt":{"rendered":"<p>Estratto dell\u2019articolo di Federico Capurso per\u00a0\u201cLa Stampa\u201d A Montecitorio, ieri, alcuni eletti di Fratelli d&#8217;Italia si salutavano mimando il gesto di una pistola. Altri mostravano una foto di Emanuele Pozzolo presa dal web in cui il deputato di FdI regge un cartello con su scritto: &#8220;Stop executions in Iran&#8221;: l&#8217;hanno ritoccata e ora di legge [&hellip;]<\/p>\n","protected":false},"author":3,"featured_media":2095,"comment_status":"open","ping_status":"closed","sticky":false,"template":"","format":"standard","meta":{"om_disable_all_campaigns":false,"_monsterinsights_skip_tracking":false,"_monsterinsights_sitenote_active":false,"_monsterinsights_sitenote_note":"","_monsterinsights_sitenote_category":0,"_uf_show_specific_survey":0,"_uf_disable_surveys":false,"footnotes":""},"categories":[33],"tags":[],"class_list":{"0":"post-2093","1":"post","2":"type-post","3":"status-publish","4":"format-standard","5":"has-post-thumbnail","7":"category-politica"},"aioseo_notices":[],"_links":{"self":[{"href":"https:\/\/ilsovranista.com\/index.php?rest_route=\/wp\/v2\/posts\/2093","targetHints":{"allow":["GET"]}}],"collection":[{"href":"https:\/\/ilsovranista.com\/index.php?rest_route=\/wp\/v2\/posts"}],"about":[{"href":"https:\/\/ilsovranista.com\/index.php?rest_route=\/wp\/v2\/types\/post"}],"author":[{"embeddable":true,"href":"https:\/\/ilsovranista.com\/index.php?rest_route=\/wp\/v2\/users\/3"}],"replies":[{"embeddable":true,"href":"https:\/\/ilsovranista.com\/index.php?rest_route=%2Fwp%2Fv2%2Fcomments&post=2093"}],"version-history":[{"count":2,"href":"https:\/\/ilsovranista.com\/index.php?rest_route=\/wp\/v2\/posts\/2093\/revisions"}],"predecessor-version":[{"id":2096,"href":"https:\/\/ilsovranista.com\/index.php?rest_route=\/wp\/v2\/posts\/2093\/revisions\/2096"}],"wp:featuredmedia":[{"embeddable":true,"href":"https:\/\/ilsovranista.com\/index.php?rest_route=\/wp\/v2\/media\/2095"}],"wp:attachment":[{"href":"https:\/\/ilsovranista.com\/index.php?rest_route=%2Fwp%2Fv2%2Fmedia&parent=2093"}],"wp:term":[{"taxonomy":"category","embeddable":true,"href":"https:\/\/ilsovranista.com\/index.php?rest_route=%2Fwp%2Fv2%2Fcategories&post=2093"},{"taxonomy":"post_tag","embeddable":true,"href":"https:\/\/ilsovranista.com\/index.php?rest_route=%2Fwp%2Fv2%2Ftags&post=2093"}],"curies":[{"name":"wp","href":"https:\/\/api.w.org\/{rel}","templated":true}]}}