{"id":2087,"date":"2025-02-27T19:37:53","date_gmt":"2025-02-27T18:37:53","guid":{"rendered":"https:\/\/ilsovranista.com\/?p=2087"},"modified":"2025-02-27T19:37:53","modified_gmt":"2025-02-27T18:37:53","slug":"medio-oriente-mieli-fdi-vergognoso-presentare-alla-sapienza-il-libro-di-un-leader-di-hamas","status":"publish","type":"post","link":"https:\/\/ilsovranista.com\/?p=2087","title":{"rendered":"Medio Oriente, Mieli (Fdi): vergognoso presentare alla Sapienza il libro di un leader di Hamas"},"content":{"rendered":"<p>\u201cVergognoso l\u2019appuntamento fissato per il 5 marzo prossimo nella facolt\u00e0 di Fisica dell\u2019universit\u00e0 La Sapienza, dove attivisti palestinesi annunciano la presentazione del libro di Yahya Sinwar, il leader di Hamas ideatore degli attentati del 7 ottobre. \u00c8 indegno che la pi\u00f9 grande universit\u00e0 italiana ed europea celebri un violento terrorista\u201d.<br \/>\nLo dichiara, in una breve nota, diffusa alla stampa, <strong>Ester<\/strong> <strong>Mieli<\/strong>, senatore di\u00a0<strong>Fratelli d&#8217;Italia\u00a0<\/strong><\/p>\n","protected":false},"excerpt":{"rendered":"<p>\u201cVergognoso l\u2019appuntamento fissato per il 5 marzo prossimo nella facolt\u00e0 di Fisica dell\u2019universit\u00e0 La Sapienza, dove attivisti palestinesi annunciano la presentazione del libro di Yahya Sinwar, il leader di Hamas ideatore degli attentati del 7 ottobre. \u00c8 indegno che la pi\u00f9 grande universit\u00e0 italiana ed europea celebri un violento terrorista\u201d. Lo dichiara, in una breve [&hellip;]<\/p>\n","protected":false},"author":3,"featured_media":2088,"comment_status":"open","ping_status":"closed","sticky":false,"template":"","format":"standard","meta":{"om_disable_all_campaigns":false,"_monsterinsights_skip_tracking":false,"_monsterinsights_sitenote_active":false,"_monsterinsights_sitenote_note":"","_monsterinsights_sitenote_category":0,"_uf_show_specific_survey":0,"_uf_disable_surveys":false,"footnotes":""},"categories":[33],"tags":[],"class_list":{"0":"post-2087","1":"post","2":"type-post","3":"status-publish","4":"format-standard","5":"has-post-thumbnail","7":"category-politica"},"aioseo_notices":[],"_links":{"self":[{"href":"https:\/\/ilsovranista.com\/index.php?rest_route=\/wp\/v2\/posts\/2087","targetHints":{"allow":["GET"]}}],"collection":[{"href":"https:\/\/ilsovranista.com\/index.php?rest_route=\/wp\/v2\/posts"}],"about":[{"href":"https:\/\/ilsovranista.com\/index.php?rest_route=\/wp\/v2\/types\/post"}],"author":[{"embeddable":true,"href":"https:\/\/ilsovranista.com\/index.php?rest_route=\/wp\/v2\/users\/3"}],"replies":[{"embeddable":true,"href":"https:\/\/ilsovranista.com\/index.php?rest_route=%2Fwp%2Fv2%2Fcomments&post=2087"}],"version-history":[{"count":1,"href":"https:\/\/ilsovranista.com\/index.php?rest_route=\/wp\/v2\/posts\/2087\/revisions"}],"predecessor-version":[{"id":2089,"href":"https:\/\/ilsovranista.com\/index.php?rest_route=\/wp\/v2\/posts\/2087\/revisions\/2089"}],"wp:featuredmedia":[{"embeddable":true,"href":"https:\/\/ilsovranista.com\/index.php?rest_route=\/wp\/v2\/media\/2088"}],"wp:attachment":[{"href":"https:\/\/ilsovranista.com\/index.php?rest_route=%2Fwp%2Fv2%2Fmedia&parent=2087"}],"wp:term":[{"taxonomy":"category","embeddable":true,"href":"https:\/\/ilsovranista.com\/index.php?rest_route=%2Fwp%2Fv2%2Fcategories&post=2087"},{"taxonomy":"post_tag","embeddable":true,"href":"https:\/\/ilsovranista.com\/index.php?rest_route=%2Fwp%2Fv2%2Ftags&post=2087"}],"curies":[{"name":"wp","href":"https:\/\/api.w.org\/{rel}","templated":true}]}}