{"id":2084,"date":"2025-02-27T19:35:39","date_gmt":"2025-02-27T18:35:39","guid":{"rendered":"https:\/\/ilsovranista.com\/?p=2084"},"modified":"2025-02-27T19:35:39","modified_gmt":"2025-02-27T18:35:39","slug":"scuola-deriva-gender-nel-napoletano-la-denuncia-di-sasso-lega","status":"publish","type":"post","link":"https:\/\/ilsovranista.com\/?p=2084","title":{"rendered":"Scuola, deriva gender nel napoletano. La denuncia di Sasso (Lega)"},"content":{"rendered":"<p>&#8220;Quello che \u00e8 accaduto in una scuola elementare nel napoletano, dove in una circolare inviata a genitori e alunni la parola \u2018bambini\u2019 \u00e8 stata sostituita da \u2018bambin*\u2019, ha dell\u2019incredibile. Il tentativo dell\u2019istituto di cancellare il genere maschile e femminile \u00e8 intollerabile e per questo condividiamo pienamente le posizioni dell\u2019avvocato Angelo Pisani che ha denunciato e chiesto l\u2019intervento delle istituzioni. Come Lega siamo fortemente convinti che la propaganda gender non debba trovare spazio in certi contesti a partire da quello scolastico, e ci siamo gi\u00e0 opposti a questa deriva facendo approvare una risoluzione a mia prima firma per impegnare il Governo a legiferare in maniera chiara e inequivocabile. Ma di fronte all\u2019ennesimo episodio che vede il proliferare della teoria gender nelle nostre scuole, abbiamo il dovere di portare avanti questa battaglia di civilt\u00e0 e buonsenso. Sto presentando in queste ore una proposta di legge che terr\u00e0 conto di questa vicenda e lo far\u00f2 il 6 marzo in occasione della presentazione del mio libro \u2018Il gender esiste. Gi\u00f9 le mani dai nostri figli\u2019. Sia ben chiaro che la posizione della Lega non cambia: continueremo a proteggere bimbi e bimbe da ideologie e teorie che disorientano e confondono, specie i pi\u00f9 piccoli\u201d.<br \/>\nLo dichiara il deputato della Lega <strong>Rossano Sasso<\/strong>, capogruppo in commissione Cultura Scienza e Istruzione<\/p>\n","protected":false},"excerpt":{"rendered":"<p>&#8220;Quello che \u00e8 accaduto in una scuola elementare nel napoletano, dove in una circolare inviata a genitori e alunni la parola \u2018bambini\u2019 \u00e8 stata sostituita da \u2018bambin*\u2019, ha dell\u2019incredibile. Il tentativo dell\u2019istituto di cancellare il genere maschile e femminile \u00e8 intollerabile e per questo condividiamo pienamente le posizioni dell\u2019avvocato Angelo Pisani che ha denunciato e [&hellip;]<\/p>\n","protected":false},"author":3,"featured_media":2085,"comment_status":"open","ping_status":"closed","sticky":false,"template":"","format":"standard","meta":{"om_disable_all_campaigns":false,"_monsterinsights_skip_tracking":false,"_monsterinsights_sitenote_active":false,"_monsterinsights_sitenote_note":"","_monsterinsights_sitenote_category":0,"_uf_show_specific_survey":0,"_uf_disable_surveys":false,"footnotes":""},"categories":[33],"tags":[],"class_list":{"0":"post-2084","1":"post","2":"type-post","3":"status-publish","4":"format-standard","5":"has-post-thumbnail","7":"category-politica"},"aioseo_notices":[],"_links":{"self":[{"href":"https:\/\/ilsovranista.com\/index.php?rest_route=\/wp\/v2\/posts\/2084","targetHints":{"allow":["GET"]}}],"collection":[{"href":"https:\/\/ilsovranista.com\/index.php?rest_route=\/wp\/v2\/posts"}],"about":[{"href":"https:\/\/ilsovranista.com\/index.php?rest_route=\/wp\/v2\/types\/post"}],"author":[{"embeddable":true,"href":"https:\/\/ilsovranista.com\/index.php?rest_route=\/wp\/v2\/users\/3"}],"replies":[{"embeddable":true,"href":"https:\/\/ilsovranista.com\/index.php?rest_route=%2Fwp%2Fv2%2Fcomments&post=2084"}],"version-history":[{"count":1,"href":"https:\/\/ilsovranista.com\/index.php?rest_route=\/wp\/v2\/posts\/2084\/revisions"}],"predecessor-version":[{"id":2086,"href":"https:\/\/ilsovranista.com\/index.php?rest_route=\/wp\/v2\/posts\/2084\/revisions\/2086"}],"wp:featuredmedia":[{"embeddable":true,"href":"https:\/\/ilsovranista.com\/index.php?rest_route=\/wp\/v2\/media\/2085"}],"wp:attachment":[{"href":"https:\/\/ilsovranista.com\/index.php?rest_route=%2Fwp%2Fv2%2Fmedia&parent=2084"}],"wp:term":[{"taxonomy":"category","embeddable":true,"href":"https:\/\/ilsovranista.com\/index.php?rest_route=%2Fwp%2Fv2%2Fcategories&post=2084"},{"taxonomy":"post_tag","embeddable":true,"href":"https:\/\/ilsovranista.com\/index.php?rest_route=%2Fwp%2Fv2%2Ftags&post=2084"}],"curies":[{"name":"wp","href":"https:\/\/api.w.org\/{rel}","templated":true}]}}