{"id":2073,"date":"2025-02-27T05:27:04","date_gmt":"2025-02-27T04:27:04","guid":{"rendered":"https:\/\/ilsovranista.com\/?p=2073"},"modified":"2025-02-27T05:27:52","modified_gmt":"2025-02-27T04:27:52","slug":"la-scissione-dei-para-filomeni-lascia-vannacci-troppo-salviniano-si-e-sbriciolato-il-progetto","status":"publish","type":"post","link":"https:\/\/ilsovranista.com\/?p=2073","title":{"rendered":"La scissione dei par\u00e0. Filomeni lascia Vannacci: &#8220;Troppo salviniano, si \u00e8 sbriciolato il progetto"},"content":{"rendered":"<div class=\"xdj266r x11i5rnm xat24cr x1mh8g0r x1vvkbs x126k92a\">\n<div dir=\"auto\">\n<p>Tra <strong>Fabio Filomeni<\/strong> e <strong>Roberto Vannacci<\/strong> \u00e8 finita. Il colonnello in congedo e padre del movimento &#8220;Il mondo al <strong>contrario<\/strong>&#8221; ha deciso di lasciare la creatura che aveva co-fondato per sostenere il generale ora europarlamentare. Il motivo? Lo spiega l&#8217;ex istruttore dell&#8217;esercito nel suo lungo post d&#8217;addio che riportiamo integralmente<\/p>\n<\/div>\n<div dir=\"auto\">Avevo fondato \u201cIl Mondo al Contrario\u201d nella speranza che un giorno divenisse un partito indipendente. Adesso, dopo un anno e mezzo, mi ritrovo a fare un passo indietro. Questa mia decisione, dopo aver informato il generale Roberto Vannacci, l\u2019ho comunicata ieri sera nella riunione con il direttivo e i soci del comitato. Non intendo pi\u00f9 far parte della nuova associazione la cui nascita era stata proprio da me annunciata durante l\u2019Assemblea nazionale del 23 novembre a Marina di Grosseto (vedi foto). La decisione \u2013 sofferta ma non sto qui a piangermi sulle spalle \u2013 \u00e8 stata presa in quanto non condivido l\u2019impostazione organizzativa e nemmeno quella politica. Non condivido l\u2019impostazione organizzativa perch\u00e9 a Marina di Grosseto avevamo annunciato una cosa e poi ne abbiamo dovuto fare un\u2019altra. In quella occasione mille e duecento persone non erano venute per assistere alla presentazione dei libri del generale. Erano accorse a loro spese, da ogni parte di Italia e anche dall\u2019estero convinte di assistere alla nascita di un nuovo movimento politico, quello che avevamo sbandierato ad agosto monopolizzando per un mese l\u2019attenzione dei media. Certo, non in antagonismo alla Lega, ma comunque indipendente e che potesse costituire una casa per tutti, leghisti, ma soprattutto non leghisti, di destra o di sinistra che fossero. E poi? Qualcosa \u00e8 cambiato\u2026 Non per mia volont\u00e0, dopo Grosseto e l\u2019assemblea campana di Vietri ho visto letteralmente sbriciolare il progetto che avevo ipotizzato. Una marcia indietro per depotenziare una realt\u00e0 che stava divenendo ingombrante e minacciosa? Credo sia una domanda retorica, visto l\u2019atteggiamento della Lega nei confronti del generale e del sottoscritto.<\/div>\n<\/div>\n<div class=\"x11i5rnm xat24cr x1mh8g0r x1vvkbs xtlvy1s x126k92a\">\n<div dir=\"auto\">Gi\u00e0&#8230; la Lega\u2026 Adesso che non rischio pi\u00f9 di mettere in imbarazzo il mio vecchio Camerata con le mie esternazioni critiche su quel partito posso pure togliermi qualche sassolino, o no? Il generale (salvo rare eccezioni) non l\u2019hanno mai accettato perch\u00e9 lo temono. Anzi, ci temevano perch\u00e9 noi de \u201cIl Mondo al Contrario\u201d rappresentavamo il suo esercito. Ed io ero l\u2019ufficiale che teneva insieme le sue truppe agguerrite (a volte fin troppo!). Gente fresca e motivata che faceva paura a gente vecchia e spompata. Questa \u00e8 l\u2019amara verit\u00e0 che dovrebbero riconoscere per primi i leghisti. Un esempio su tutti gli sgambetti alle candidature nelle varie regioni dove si terranno le prossime elezioni. E invece, da movimento politico puro, adesso siamo passati ad associazione politico-culturale, una forma ibrida come le moderne autovetture. Senza contare la dislocazione dei team sul territorio che dovrebbero agire in completa autonomia senza un coordinamento, mah\u2026 Questo per quanto concerne l\u2019impostazione organizzativa, poi c\u2019\u00e8 quella politica che va di pari passo.<\/div>\n<\/div>\n<div class=\"x11i5rnm xat24cr x1mh8g0r x1vvkbs xtlvy1s x126k92a\">\n<div dir=\"auto\">Ultimamente abbiamo assistito ad una integrazione con il partito Lega di Salvini che ci porta su posizioni neo-atlantiste e filoisraeliane che non mi appartengono e non erano presenti nel progetto iniziale.<\/div>\n<div dir=\"auto\">Credo che sia evidente, conoscibile e prevedibile che chi come il sottoscritto ha restituito la medaglia ricevuta dagli USA e scritto il libro &#8220;Morire per la NATO?&#8221; non sia disponibile ad una intrapresa politica che lo riporterebbe su posizioni atlantiste, anche se magari camuffate nella nuova formula trumpista. Indietro non torno.<\/div>\n<\/div>\n<div class=\"x11i5rnm xat24cr x1mh8g0r x1vvkbs xtlvy1s x126k92a\">\n<div dir=\"auto\">Anzi, andr\u00f2 avanti, con chi vorr\u00e0 impegnarsi nella difficile battaglia per una sovranit\u00e0 italiana ed europea che non sia solo un cambio di guinzaglio e di padrone.<\/div>\n<\/div>\n<div class=\"x11i5rnm xat24cr x1mh8g0r x1vvkbs xtlvy1s x126k92a\">\n<div dir=\"auto\">La visita in Israele di Salvini, poi, \u00e8 stata vergognosa. Quando ero in servizio sono stato qualificato Consigliere giuridico per l\u2019applicazione del Diritto Internazionale Umanitario, per cui di tutto mi si pu\u00f2 accusare meno di non conoscere la materia. Adesso mi chiedo: in una situazione in cui l\u2019Osservatorio dei Diritti Umani delle Nazioni Unite ha stabilito che Israele sta commettendo crimini di guerra nel corso dei combattimenti all\u2019interno della Striscia di Gaza e la Corte Penale internazionale ha diramato un mandato di arresto per Netanyahu, il ministro Salvini va in visita ufficiale e stringe la mano a un ricercato internazionale? Scusate l\u2019ONU e le organizzazioni internazionali o sono autorevoli sempre o non lo sono mai. Ricordo che Israele esiste da quando nel 1948 le Nazioni Unite imposero arbitrariamente la creazione dello Stato di Israele nei territori della Palestina. In quel caso l\u2019ONU andava bene, adesso che la stessa ONU accusa Israele dello sterminio di decine di migliaia di palestinesi non va pi\u00f9 bene? Due pesi e due misure. Come per la posizione della Lega nei confronti della guerra in Ucraina del resto. Ricordo quando Salvini si faceva i selfie con la maglietta di Putin davanti al Cremlino. Ora invece il suo partito &#8211; come ha detto qualche giorno fa Raffaele Nevi Capogruppo di FI \u201ccontano i fatti: Salvini e la Lega sono sempre stati al nostro fianco nel sostegno, anche militare, all&#8217;Ucraina\u201d.<\/div>\n<\/div>\n<div class=\"x11i5rnm xat24cr x1mh8g0r x1vvkbs xtlvy1s x126k92a\">\n<div dir=\"auto\">Insomma, tutto e il contrario di tutto. Non mi sembra proprio questo il posto in cui possa stare l\u2019autore di un libro denuncia intitolato \u201cIl Mondo al Contrario\u201d. E sicuramente non io e neppure Bruno Spatara e Gianluca Priolo che insieme a me fondarono il Mondo al Contrario e che adesso mi seguiranno da veri Camerati in questa scelta. Magari sbaglieremo, ma siamo convinti che non \u00e8 cos\u00ec che si raddrizza il mondo\u2026<\/div>\n<\/div>\n","protected":false},"excerpt":{"rendered":"<p>Tra Fabio Filomeni e Roberto Vannacci \u00e8 finita. Il colonnello in congedo e padre del movimento &#8220;Il mondo al contrario&#8221; ha deciso di lasciare la creatura che aveva co-fondato per sostenere il generale ora europarlamentare. Il motivo? Lo spiega l&#8217;ex istruttore dell&#8217;esercito nel suo lungo post d&#8217;addio che riportiamo integralmente Avevo fondato \u201cIl Mondo al [&hellip;]<\/p>\n","protected":false},"author":3,"featured_media":2074,"comment_status":"open","ping_status":"closed","sticky":false,"template":"","format":"standard","meta":{"om_disable_all_campaigns":false,"_monsterinsights_skip_tracking":false,"_monsterinsights_sitenote_active":false,"_monsterinsights_sitenote_note":"","_monsterinsights_sitenote_category":0,"_uf_show_specific_survey":0,"_uf_disable_surveys":false,"footnotes":""},"categories":[33],"tags":[],"class_list":{"0":"post-2073","1":"post","2":"type-post","3":"status-publish","4":"format-standard","5":"has-post-thumbnail","7":"category-politica"},"aioseo_notices":[],"_links":{"self":[{"href":"https:\/\/ilsovranista.com\/index.php?rest_route=\/wp\/v2\/posts\/2073","targetHints":{"allow":["GET"]}}],"collection":[{"href":"https:\/\/ilsovranista.com\/index.php?rest_route=\/wp\/v2\/posts"}],"about":[{"href":"https:\/\/ilsovranista.com\/index.php?rest_route=\/wp\/v2\/types\/post"}],"author":[{"embeddable":true,"href":"https:\/\/ilsovranista.com\/index.php?rest_route=\/wp\/v2\/users\/3"}],"replies":[{"embeddable":true,"href":"https:\/\/ilsovranista.com\/index.php?rest_route=%2Fwp%2Fv2%2Fcomments&post=2073"}],"version-history":[{"count":2,"href":"https:\/\/ilsovranista.com\/index.php?rest_route=\/wp\/v2\/posts\/2073\/revisions"}],"predecessor-version":[{"id":2076,"href":"https:\/\/ilsovranista.com\/index.php?rest_route=\/wp\/v2\/posts\/2073\/revisions\/2076"}],"wp:featuredmedia":[{"embeddable":true,"href":"https:\/\/ilsovranista.com\/index.php?rest_route=\/wp\/v2\/media\/2074"}],"wp:attachment":[{"href":"https:\/\/ilsovranista.com\/index.php?rest_route=%2Fwp%2Fv2%2Fmedia&parent=2073"}],"wp:term":[{"taxonomy":"category","embeddable":true,"href":"https:\/\/ilsovranista.com\/index.php?rest_route=%2Fwp%2Fv2%2Fcategories&post=2073"},{"taxonomy":"post_tag","embeddable":true,"href":"https:\/\/ilsovranista.com\/index.php?rest_route=%2Fwp%2Fv2%2Ftags&post=2073"}],"curies":[{"name":"wp","href":"https:\/\/api.w.org\/{rel}","templated":true}]}}