{"id":2063,"date":"2025-02-25T20:20:59","date_gmt":"2025-02-25T19:20:59","guid":{"rendered":"https:\/\/ilsovranista.com\/?p=2063"},"modified":"2025-02-25T20:20:59","modified_gmt":"2025-02-25T19:20:59","slug":"salvini-la-maggioranza-converga-sulla-nostra-proposta-di-pace-fiscale","status":"publish","type":"post","link":"https:\/\/ilsovranista.com\/?p=2063","title":{"rendered":"Salvini: la maggioranza converga sulla nostra proposta di pace fiscale"},"content":{"rendered":"<p>&#8220;Oggi \u00e8 un giornata importante perch\u00e9 parte la pace fiscale, la rottamazione delle cartelle esattoriali nelle istituzioni. Da oggi non \u00e8 pi\u00f9 un dibattito ma parte in Senato, in Commissione. Siccome riguarda 20 milioni di italiani che hanno problemi con il fisco, che hanno difficolt\u00e0 con il fisco conto che tutta la maggioranza arrivi sulla richiesta della Lega di cancellare sanzioni e interessi e di far pagare in 10 anni, in 120 rate, quello che la gente non riesce a pagare&#8221;. Lo ha detto il vicepremier e leader della Lega, Matteo Salvini, parlando con i cronisti alla Camera.<\/p>\n","protected":false},"excerpt":{"rendered":"<p>&#8220;Oggi \u00e8 un giornata importante perch\u00e9 parte la pace fiscale, la rottamazione delle cartelle esattoriali nelle istituzioni. Da oggi non \u00e8 pi\u00f9 un dibattito ma parte in Senato, in Commissione. Siccome riguarda 20 milioni di italiani che hanno problemi con il fisco, che hanno difficolt\u00e0 con il fisco conto che tutta la maggioranza arrivi sulla [&hellip;]<\/p>\n","protected":false},"author":3,"featured_media":2064,"comment_status":"open","ping_status":"closed","sticky":false,"template":"","format":"standard","meta":{"om_disable_all_campaigns":false,"_monsterinsights_skip_tracking":false,"_monsterinsights_sitenote_active":false,"_monsterinsights_sitenote_note":"","_monsterinsights_sitenote_category":0,"_uf_show_specific_survey":0,"_uf_disable_surveys":false,"footnotes":""},"categories":[33],"tags":[],"class_list":{"0":"post-2063","1":"post","2":"type-post","3":"status-publish","4":"format-standard","5":"has-post-thumbnail","7":"category-politica"},"aioseo_notices":[],"_links":{"self":[{"href":"https:\/\/ilsovranista.com\/index.php?rest_route=\/wp\/v2\/posts\/2063","targetHints":{"allow":["GET"]}}],"collection":[{"href":"https:\/\/ilsovranista.com\/index.php?rest_route=\/wp\/v2\/posts"}],"about":[{"href":"https:\/\/ilsovranista.com\/index.php?rest_route=\/wp\/v2\/types\/post"}],"author":[{"embeddable":true,"href":"https:\/\/ilsovranista.com\/index.php?rest_route=\/wp\/v2\/users\/3"}],"replies":[{"embeddable":true,"href":"https:\/\/ilsovranista.com\/index.php?rest_route=%2Fwp%2Fv2%2Fcomments&post=2063"}],"version-history":[{"count":1,"href":"https:\/\/ilsovranista.com\/index.php?rest_route=\/wp\/v2\/posts\/2063\/revisions"}],"predecessor-version":[{"id":2065,"href":"https:\/\/ilsovranista.com\/index.php?rest_route=\/wp\/v2\/posts\/2063\/revisions\/2065"}],"wp:featuredmedia":[{"embeddable":true,"href":"https:\/\/ilsovranista.com\/index.php?rest_route=\/wp\/v2\/media\/2064"}],"wp:attachment":[{"href":"https:\/\/ilsovranista.com\/index.php?rest_route=%2Fwp%2Fv2%2Fmedia&parent=2063"}],"wp:term":[{"taxonomy":"category","embeddable":true,"href":"https:\/\/ilsovranista.com\/index.php?rest_route=%2Fwp%2Fv2%2Fcategories&post=2063"},{"taxonomy":"post_tag","embeddable":true,"href":"https:\/\/ilsovranista.com\/index.php?rest_route=%2Fwp%2Fv2%2Ftags&post=2063"}],"curies":[{"name":"wp","href":"https:\/\/api.w.org\/{rel}","templated":true}]}}