{"id":2046,"date":"2025-02-25T18:28:03","date_gmt":"2025-02-25T17:28:03","guid":{"rendered":"https:\/\/ilsovranista.com\/?p=2046"},"modified":"2025-02-25T18:28:03","modified_gmt":"2025-02-25T17:28:03","slug":"casa-pound-cresce-la-polemica-lega-vietare-un-concerto-e-incostituzionale","status":"publish","type":"post","link":"https:\/\/ilsovranista.com\/?p=2046","title":{"rendered":"Casa Pound, cresce la polemica. Lega: &#8220;Vietare un concerto \u00e8 incostituzionale&#8221;"},"content":{"rendered":"<p>Cresce la polemica per il concerto di<strong> Casa Pound<\/strong> che si terr\u00e0 a Parma sabato 1 marzo. Per gli esponenti del centrosinistra in Consiglio comunale e per le associazioni che parteciperanno al corteo antifascista di sabato 1\u00b0 marzo si tratta di un raduno neofascista, mentre per la Lega impedire un concerto \u00e8 un attacco alla libert\u00e0 di espressione.<\/p>\n<div data-move=\"\" data-move--destination=\"[data-content--body]\" data-move--destination-closest=\"\" data-move--destination-position=\"55%\" data-move--destination-distance=\"30%\" data-move--internal-processed=\"\">\n<div class=\"slot slot-story-5 slot-sold\">\n<div id=\"ADxlkykp3f6w3kbeigcx6ngqueeveac8\" data-ad--node=\"ADxlkykp3f6w3kbeigcx6ngqueeveac8\">\n<div id=\"beacon_4af8c7c30b\"><img decoding=\"async\" src=\"https:\/\/vda.parmatoday.it\/~vda\/www\/delivery\/lg.php?bannerid=1782746&amp;campaignid=298359&amp;zoneid=98873&amp;OXCBLOCK=43200&amp;OXCCAP=1&amp;loc=https%3A%2F%2Fwww.parmatoday.it%2Fattualita%2Fconcerto-casa-pound-polemica-lega.html&amp;referer=https%3A%2F%2Fwww.google.com%2F&amp;cb=4af8c7c30b\" alt=\"\" width=\"0\" height=\"0\" \/>&#8220;La libert\u00e0 di espressione \u00e8 un diritto fondamentale che non pu\u00f2 essere messo in discussione, cos\u00ec dice la Costituzione e cos\u00ec \u00e8 per la Lega\u00a0 scrivono i consiglieri comunali Laura Cavandoli e Tommaso Fiazza. Ieri, durante la seduta del Consiglio Comunale, abbiamo ascoltato parole e proposte inaccettabili. Pretendere di impedire un concerto per la sede in cui si svolge e per i contenuti dei testi delle canzoni \u00e8 un attacco diretto alla libert\u00e0 di espressione.<\/div>\n<\/div>\n<\/div>\n<\/div>\n<p>&#8220;Il concerto di CasaPound, che si terr\u00e0 in una &#8220;struttura privata&#8221;, precisano i consiglieri comunali della Lega,non deve essere vietato n\u00e9 censurato per motivi ideologici. \u00c8 corretto che vengano garantiti la sicurezza e l&#8217;ordine durante l&#8217;evento, ma oltre a questo, non vi \u00e8 alcuna giustificazione per limitare la libert\u00e0 di espressione. La cultura e l&#8217;arte devono essere libere, senza che un&#8217;ideologia imponga i suoi limiti. L&#8217;ordine del giorno presentato in Consiglio Comunale, come la manifestazione organizzata dalle associazioni antifasciste, sono antidemocratiche e vanno contro i principi di pluralismo e libert\u00e0 che devono caratterizzare ogni citt\u00e0 che si definisca democratica e culturale&#8221;<\/p>\n<p>&#8220;Parma, concludono i consiglieri leghisti, si vanta di essere una &#8220;capitale della cultura&#8221;, ma una citt\u00e0 che aspira a questo titolo non pu\u00f2 permettere che la cultura stessa venga usata come strumento di censura. Siamo convinti che il pluralismo e la libert\u00e0 di espressione siano valori che devono essere difesi con forza, anche contro ogni tentativo di limitazione ideologica&#8221;<\/p>\n<p>&nbsp;<\/p>\n","protected":false},"excerpt":{"rendered":"<p>Cresce la polemica per il concerto di Casa Pound che si terr\u00e0 a Parma sabato 1 marzo. Per gli esponenti del centrosinistra in Consiglio comunale e per le associazioni che parteciperanno al corteo antifascista di sabato 1\u00b0 marzo si tratta di un raduno neofascista, mentre per la Lega impedire un concerto \u00e8 un attacco alla [&hellip;]<\/p>\n","protected":false},"author":3,"featured_media":2048,"comment_status":"open","ping_status":"closed","sticky":false,"template":"","format":"standard","meta":{"om_disable_all_campaigns":false,"_monsterinsights_skip_tracking":false,"_monsterinsights_sitenote_active":false,"_monsterinsights_sitenote_note":"","_monsterinsights_sitenote_category":0,"_uf_show_specific_survey":0,"_uf_disable_surveys":false,"footnotes":""},"categories":[36],"tags":[],"class_list":{"0":"post-2046","1":"post","2":"type-post","3":"status-publish","4":"format-standard","5":"has-post-thumbnail","7":"category-prima-i-territori"},"aioseo_notices":[],"_links":{"self":[{"href":"https:\/\/ilsovranista.com\/index.php?rest_route=\/wp\/v2\/posts\/2046","targetHints":{"allow":["GET"]}}],"collection":[{"href":"https:\/\/ilsovranista.com\/index.php?rest_route=\/wp\/v2\/posts"}],"about":[{"href":"https:\/\/ilsovranista.com\/index.php?rest_route=\/wp\/v2\/types\/post"}],"author":[{"embeddable":true,"href":"https:\/\/ilsovranista.com\/index.php?rest_route=\/wp\/v2\/users\/3"}],"replies":[{"embeddable":true,"href":"https:\/\/ilsovranista.com\/index.php?rest_route=%2Fwp%2Fv2%2Fcomments&post=2046"}],"version-history":[{"count":1,"href":"https:\/\/ilsovranista.com\/index.php?rest_route=\/wp\/v2\/posts\/2046\/revisions"}],"predecessor-version":[{"id":2047,"href":"https:\/\/ilsovranista.com\/index.php?rest_route=\/wp\/v2\/posts\/2046\/revisions\/2047"}],"wp:featuredmedia":[{"embeddable":true,"href":"https:\/\/ilsovranista.com\/index.php?rest_route=\/wp\/v2\/media\/2048"}],"wp:attachment":[{"href":"https:\/\/ilsovranista.com\/index.php?rest_route=%2Fwp%2Fv2%2Fmedia&parent=2046"}],"wp:term":[{"taxonomy":"category","embeddable":true,"href":"https:\/\/ilsovranista.com\/index.php?rest_route=%2Fwp%2Fv2%2Fcategories&post=2046"},{"taxonomy":"post_tag","embeddable":true,"href":"https:\/\/ilsovranista.com\/index.php?rest_route=%2Fwp%2Fv2%2Ftags&post=2046"}],"curies":[{"name":"wp","href":"https:\/\/api.w.org\/{rel}","templated":true}]}}