{"id":1976,"date":"2025-02-22T17:46:53","date_gmt":"2025-02-22T16:46:53","guid":{"rendered":"https:\/\/ilsovranista.com\/?p=1976"},"modified":"2025-02-22T19:12:22","modified_gmt":"2025-02-22T18:12:22","slug":"propaganda-live-biancofiore-nm-insensato-momento-dodio-contro-salvini","status":"publish","type":"post","link":"https:\/\/ilsovranista.com\/?p=1976","title":{"rendered":"Propaganda Live, Biancofiore (NM): insensato momento d&#8217;odio contro Salvini"},"content":{"rendered":"<p>Da <strong>Propaganda live<\/strong> a cattiveria live. Volgare, grave e terribile l\u2019osceno spettacolo andato in onda ieri su La7, quando \u00e8 stato augurato un ictus al vicepremier <strong>Matteo<\/strong> <strong>Salvini<\/strong>. Non siamo di fronte n\u00e9 a satira n\u00e9 a tv di intrattenimento, ma un basso, insensato e ingiustificato momento di televisione. Augurare una malattia a un politico \u00e8 un rigurgito di odio che dimostra la mancanza di sensibilit\u00e0 anche nei confronti di chi ne \u00e8 stato colpito, facendo emergere solo un brutale atteggiamento di cui non si sente sul serio il bisogno\u201d.<\/p>\n<p>Lo ha dichiarato\u00a0<strong>Michaela Biancofiore,\u00a0<\/strong>senatore di Noi Moderati<\/p>\n","protected":false},"excerpt":{"rendered":"<p>Da Propaganda live a cattiveria live. Volgare, grave e terribile l\u2019osceno spettacolo andato in onda ieri su La7, quando \u00e8 stato augurato un ictus al vicepremier Matteo Salvini. Non siamo di fronte n\u00e9 a satira n\u00e9 a tv di intrattenimento, ma un basso, insensato e ingiustificato momento di televisione. Augurare una malattia a un politico [&hellip;]<\/p>\n","protected":false},"author":3,"featured_media":1977,"comment_status":"open","ping_status":"closed","sticky":false,"template":"","format":"standard","meta":{"om_disable_all_campaigns":false,"_monsterinsights_skip_tracking":false,"_monsterinsights_sitenote_active":false,"_monsterinsights_sitenote_note":"","_monsterinsights_sitenote_category":0,"_uf_show_specific_survey":0,"_uf_disable_surveys":false,"footnotes":""},"categories":[33],"tags":[],"class_list":{"0":"post-1976","1":"post","2":"type-post","3":"status-publish","4":"format-standard","5":"has-post-thumbnail","7":"category-politica"},"aioseo_notices":[],"_links":{"self":[{"href":"https:\/\/ilsovranista.com\/index.php?rest_route=\/wp\/v2\/posts\/1976","targetHints":{"allow":["GET"]}}],"collection":[{"href":"https:\/\/ilsovranista.com\/index.php?rest_route=\/wp\/v2\/posts"}],"about":[{"href":"https:\/\/ilsovranista.com\/index.php?rest_route=\/wp\/v2\/types\/post"}],"author":[{"embeddable":true,"href":"https:\/\/ilsovranista.com\/index.php?rest_route=\/wp\/v2\/users\/3"}],"replies":[{"embeddable":true,"href":"https:\/\/ilsovranista.com\/index.php?rest_route=%2Fwp%2Fv2%2Fcomments&post=1976"}],"version-history":[{"count":1,"href":"https:\/\/ilsovranista.com\/index.php?rest_route=\/wp\/v2\/posts\/1976\/revisions"}],"predecessor-version":[{"id":1978,"href":"https:\/\/ilsovranista.com\/index.php?rest_route=\/wp\/v2\/posts\/1976\/revisions\/1978"}],"wp:featuredmedia":[{"embeddable":true,"href":"https:\/\/ilsovranista.com\/index.php?rest_route=\/wp\/v2\/media\/1977"}],"wp:attachment":[{"href":"https:\/\/ilsovranista.com\/index.php?rest_route=%2Fwp%2Fv2%2Fmedia&parent=1976"}],"wp:term":[{"taxonomy":"category","embeddable":true,"href":"https:\/\/ilsovranista.com\/index.php?rest_route=%2Fwp%2Fv2%2Fcategories&post=1976"},{"taxonomy":"post_tag","embeddable":true,"href":"https:\/\/ilsovranista.com\/index.php?rest_route=%2Fwp%2Fv2%2Ftags&post=1976"}],"curies":[{"name":"wp","href":"https:\/\/api.w.org\/{rel}","templated":true}]}}