{"id":1957,"date":"2025-02-22T15:38:32","date_gmt":"2025-02-22T14:38:32","guid":{"rendered":"https:\/\/ilsovranista.com\/?p=1957"},"modified":"2025-02-22T15:38:32","modified_gmt":"2025-02-22T14:38:32","slug":"zaia-lega-lautonomia-dobbiamo-farla-piuttosto-che-subirla","status":"publish","type":"post","link":"https:\/\/ilsovranista.com\/?p=1957","title":{"rendered":"Zaia (Lega): l&#8217;autonomia dobbiamo farla piuttosto che subirla"},"content":{"rendered":"<p>&#8220;Noi questa riforma la dobbiamo fare per scelta e in maniera ponderata, e si sta andando avanti pian piano, piuttosto che subirla. Le riforme, quando si subiscono le si fanno in fretta, le si fanno male&#8221;.<\/p>\n<p>Lo ha sottolineato il presidente del Veneto, <strong>Luca Zaia, <\/strong>esponente di spicco della <strong>Lega <\/strong>\u00a0intervenendo ad &#8220;Amici e nemici&#8221; su Radio24, a proposito dell&#8217;autonomia differenziata.<br \/>\n&#8220;Interroghiamoci sul fatto precisa Zaia, che questo Paese polemizza su ogni tipo di riforma. Nessuno dice che c&#8217;\u00e8 un dibattito pauroso che \u00e8 a &#8216;saldi zero&#8217; per l&#8217;autonomia, ma entro marzo dovremmo fare la riforma del federalismo fiscale, per la quale ci siamo impegnati con l&#8217;Europa&#8221;.<br \/>\nDopo aver ribadito che &#8220;i padri costituenti intravedevano e pensavano un paese autenticamente federalista&#8221; per Zaia Se vogliamo estremizzare il concetto abbiamo visto in Grecia cosa \u00e8 accaduto a non far le riforme: alla fine \u00e8 arrivato qualcuno da fuori col nome troika, e li ha sistemati per le feste&#8221;.<br \/>\nZaia ha infine detto che &#8220;questo \u00e8 un paese che ha potenzialit\u00e0 uniche al mondo. Ha bisogno di essere riformato perch\u00e9 comunque un paese che ha tremila miliardi di debito pubblico, dove i bimbi in base a dove nascono sappiamo che futuro avranno \u00e8 veramente scandaloso. Ci sono cittadini costretti a farsi le valigie e ad andare a curarsi fuori regione. A me sembra che di disuguaglianze ce ne siano tante, ma siccome non c&#8217;\u00e8 l&#8217;autonomia vuol dire che il modello che fino adesso \u00e8 stato applicato non ha funzionato&#8221;<\/p>\n","protected":false},"excerpt":{"rendered":"<p>&#8220;Noi questa riforma la dobbiamo fare per scelta e in maniera ponderata, e si sta andando avanti pian piano, piuttosto che subirla. Le riforme, quando si subiscono le si fanno in fretta, le si fanno male&#8221;. Lo ha sottolineato il presidente del Veneto, Luca Zaia, esponente di spicco della Lega \u00a0intervenendo ad &#8220;Amici e nemici&#8221; [&hellip;]<\/p>\n","protected":false},"author":3,"featured_media":1958,"comment_status":"open","ping_status":"closed","sticky":false,"template":"","format":"standard","meta":{"om_disable_all_campaigns":false,"_monsterinsights_skip_tracking":false,"_monsterinsights_sitenote_active":false,"_monsterinsights_sitenote_note":"","_monsterinsights_sitenote_category":0,"_uf_show_specific_survey":0,"_uf_disable_surveys":false,"footnotes":""},"categories":[33],"tags":[],"class_list":{"0":"post-1957","1":"post","2":"type-post","3":"status-publish","4":"format-standard","5":"has-post-thumbnail","7":"category-politica"},"aioseo_notices":[],"_links":{"self":[{"href":"https:\/\/ilsovranista.com\/index.php?rest_route=\/wp\/v2\/posts\/1957","targetHints":{"allow":["GET"]}}],"collection":[{"href":"https:\/\/ilsovranista.com\/index.php?rest_route=\/wp\/v2\/posts"}],"about":[{"href":"https:\/\/ilsovranista.com\/index.php?rest_route=\/wp\/v2\/types\/post"}],"author":[{"embeddable":true,"href":"https:\/\/ilsovranista.com\/index.php?rest_route=\/wp\/v2\/users\/3"}],"replies":[{"embeddable":true,"href":"https:\/\/ilsovranista.com\/index.php?rest_route=%2Fwp%2Fv2%2Fcomments&post=1957"}],"version-history":[{"count":1,"href":"https:\/\/ilsovranista.com\/index.php?rest_route=\/wp\/v2\/posts\/1957\/revisions"}],"predecessor-version":[{"id":1959,"href":"https:\/\/ilsovranista.com\/index.php?rest_route=\/wp\/v2\/posts\/1957\/revisions\/1959"}],"wp:featuredmedia":[{"embeddable":true,"href":"https:\/\/ilsovranista.com\/index.php?rest_route=\/wp\/v2\/media\/1958"}],"wp:attachment":[{"href":"https:\/\/ilsovranista.com\/index.php?rest_route=%2Fwp%2Fv2%2Fmedia&parent=1957"}],"wp:term":[{"taxonomy":"category","embeddable":true,"href":"https:\/\/ilsovranista.com\/index.php?rest_route=%2Fwp%2Fv2%2Fcategories&post=1957"},{"taxonomy":"post_tag","embeddable":true,"href":"https:\/\/ilsovranista.com\/index.php?rest_route=%2Fwp%2Fv2%2Ftags&post=1957"}],"curies":[{"name":"wp","href":"https:\/\/api.w.org\/{rel}","templated":true}]}}