{"id":1944,"date":"2025-02-22T15:07:00","date_gmt":"2025-02-22T14:07:00","guid":{"rendered":"https:\/\/ilsovranista.com\/?p=1944"},"modified":"2025-02-22T15:07:34","modified_gmt":"2025-02-22T14:07:34","slug":"rastrelli-fdi-4-righe-di-una-incomprensibile-sentenza-non-fermeranno-una-stagione-di-riforme","status":"publish","type":"post","link":"https:\/\/ilsovranista.com\/?p=1944","title":{"rendered":"Rastrelli (Fdi): 4 righe di una incomprensibile sentenza non fermeranno una stagione di riforme"},"content":{"rendered":"<p>\u201cIn un periodo di crisi di ogni valore di riferimento, l\u2019unica soluzione al tema della devianza minorile \u00e8 in un approccio integrato che preveda: investimenti sul fronte educativo e culturale, il rafforzamento delle reti di supporto sociale e il sostegno alle famiglie per Intervenire sulla devianza, prima che divenga criminalit\u00e0. Ma anche il pieno sostegno alle Forze dell\u2019Ordine nelle attivit\u00e0 di contrasto, e norme pi\u00f9 rigorose, e l\u2019inasprimento delle sanzioni, per chi delinque, per evitare che i minori divengano l\u2019esercito di riserva permanente per la criminalit\u00e0 organizzata\u201d.<\/p>\n<p>Lo ha dichiarato\u00a0<strong>Sergio Rastrelli,\u00a0<\/strong>senatore di\u00a0<strong>Fratelli d&#8217;Italia<\/strong> a margine del convegno \u201cDevianza minorile, minori e fenomenologie criminali in rete\u201d, organizzato dall\u2019associazione Osservatorio per la legalit\u00e0 al liceo Flacco di Portici.<\/p>\n<p>In relazione alla vicenda <strong>Delmastro<\/strong> Rastrelli afferma: \u201cNon saranno quattro righe di un incomprensibile dispositivo, a fermare la azione del governo e la stagione delle riforme\u201d. \u201cIl popolo italiano, nei confronti della fermezza di questo governo ha gi\u00e0 emesso la sua pronuncia che non \u00e8 solo una sentenza di assoluzione piena ed incondizionata, ma \u00e8 un sostegno sempre pi\u00f9 convinto e vincente\u201d<\/p>\n","protected":false},"excerpt":{"rendered":"<p>\u201cIn un periodo di crisi di ogni valore di riferimento, l\u2019unica soluzione al tema della devianza minorile \u00e8 in un approccio integrato che preveda: investimenti sul fronte educativo e culturale, il rafforzamento delle reti di supporto sociale e il sostegno alle famiglie per Intervenire sulla devianza, prima che divenga criminalit\u00e0. Ma anche il pieno sostegno [&hellip;]<\/p>\n","protected":false},"author":3,"featured_media":1945,"comment_status":"open","ping_status":"closed","sticky":false,"template":"","format":"standard","meta":{"om_disable_all_campaigns":false,"_monsterinsights_skip_tracking":false,"_monsterinsights_sitenote_active":false,"_monsterinsights_sitenote_note":"","_monsterinsights_sitenote_category":0,"_uf_show_specific_survey":0,"_uf_disable_surveys":false,"footnotes":""},"categories":[33],"tags":[],"class_list":{"0":"post-1944","1":"post","2":"type-post","3":"status-publish","4":"format-standard","5":"has-post-thumbnail","7":"category-politica"},"aioseo_notices":[],"_links":{"self":[{"href":"https:\/\/ilsovranista.com\/index.php?rest_route=\/wp\/v2\/posts\/1944","targetHints":{"allow":["GET"]}}],"collection":[{"href":"https:\/\/ilsovranista.com\/index.php?rest_route=\/wp\/v2\/posts"}],"about":[{"href":"https:\/\/ilsovranista.com\/index.php?rest_route=\/wp\/v2\/types\/post"}],"author":[{"embeddable":true,"href":"https:\/\/ilsovranista.com\/index.php?rest_route=\/wp\/v2\/users\/3"}],"replies":[{"embeddable":true,"href":"https:\/\/ilsovranista.com\/index.php?rest_route=%2Fwp%2Fv2%2Fcomments&post=1944"}],"version-history":[{"count":1,"href":"https:\/\/ilsovranista.com\/index.php?rest_route=\/wp\/v2\/posts\/1944\/revisions"}],"predecessor-version":[{"id":1946,"href":"https:\/\/ilsovranista.com\/index.php?rest_route=\/wp\/v2\/posts\/1944\/revisions\/1946"}],"wp:featuredmedia":[{"embeddable":true,"href":"https:\/\/ilsovranista.com\/index.php?rest_route=\/wp\/v2\/media\/1945"}],"wp:attachment":[{"href":"https:\/\/ilsovranista.com\/index.php?rest_route=%2Fwp%2Fv2%2Fmedia&parent=1944"}],"wp:term":[{"taxonomy":"category","embeddable":true,"href":"https:\/\/ilsovranista.com\/index.php?rest_route=%2Fwp%2Fv2%2Fcategories&post=1944"},{"taxonomy":"post_tag","embeddable":true,"href":"https:\/\/ilsovranista.com\/index.php?rest_route=%2Fwp%2Fv2%2Ftags&post=1944"}],"curies":[{"name":"wp","href":"https:\/\/api.w.org\/{rel}","templated":true}]}}