{"id":1932,"date":"2025-02-21T19:48:47","date_gmt":"2025-02-21T18:48:47","guid":{"rendered":"https:\/\/ilsovranista.com\/?p=1932"},"modified":"2025-02-21T19:48:47","modified_gmt":"2025-02-21T18:48:47","slug":"basilicata-al-via-il-corso-di-formazione-politica-itinerante-della-lega","status":"publish","type":"post","link":"https:\/\/ilsovranista.com\/?p=1932","title":{"rendered":"Basilicata, al via il corso di formazione politica itinerante della Lega"},"content":{"rendered":"<p>La <strong>Lega Salvini Premier Basilicata<\/strong> organizzer\u00e0 un corso di formazione politica itinerante dal titolo \u201c<strong>Formare per Governare, Governare per Cambiare<\/strong>\u201d che sar\u00e0 presentato in una conferenza stampa luned\u00ec 24 febbraio, alle 11:30, nella sede del partito a Potenza, in via Capitini.<\/p>\n<p>&#8220;Sar\u00e0 un percorso formativo dedicato a chi desidera impegnarsi attivamente nella vita pubblica, contribuendo al futuro della Basilicata e dell\u2019Italia. Un\u2019opportunit\u00e0 per acquisire gli strumenti necessari per comprendere e affrontare le sfide del presente, con spirito di servizio e amore per la nostra terra\u201d.<\/p>\n<p>Lo ha dichiarato\u00a0<strong>Pasquale Pepe,\u00a0<\/strong>commissario regionale della Lega precisando: &#8220;le sessioni formative offriranno un approfondimento sul funzionamento delle istituzioni regionali e nazionali. Sar\u00e0 proposta un\u2019analisi su temi come l\u2019autonomia regionale, lo sviluppo economico e la geopolitica. Ci sar\u00e0 inoltre un focus sulla comunicazione politica, sul public speaking, sulla gestione amministrativa e sulla sicurezza pubblica.Il corso si articola in sei appuntamenti, da marzo a giugno 2025, toccando diverse localit\u00e0 della Basilicata per coinvolgere tutto il territorio: il 7 marzo a Potenza, il 28 marzo a Bernalda, l\u201911 aprile a Venosa, il 23 maggio a Matera, il 6 giugno a Palazzo San Gervasio e il 27 giugno a Grumento Nova&#8221;.<\/p>\n","protected":false},"excerpt":{"rendered":"<p>La Lega Salvini Premier Basilicata organizzer\u00e0 un corso di formazione politica itinerante dal titolo \u201cFormare per Governare, Governare per Cambiare\u201d che sar\u00e0 presentato in una conferenza stampa luned\u00ec 24 febbraio, alle 11:30, nella sede del partito a Potenza, in via Capitini. &#8220;Sar\u00e0 un percorso formativo dedicato a chi desidera impegnarsi attivamente nella vita pubblica, contribuendo [&hellip;]<\/p>\n","protected":false},"author":3,"featured_media":1933,"comment_status":"open","ping_status":"closed","sticky":false,"template":"","format":"standard","meta":{"om_disable_all_campaigns":false,"_monsterinsights_skip_tracking":false,"_monsterinsights_sitenote_active":false,"_monsterinsights_sitenote_note":"","_monsterinsights_sitenote_category":0,"_uf_show_specific_survey":0,"_uf_disable_surveys":false,"footnotes":""},"categories":[36],"tags":[],"class_list":{"0":"post-1932","1":"post","2":"type-post","3":"status-publish","4":"format-standard","5":"has-post-thumbnail","7":"category-prima-i-territori"},"aioseo_notices":[],"_links":{"self":[{"href":"https:\/\/ilsovranista.com\/index.php?rest_route=\/wp\/v2\/posts\/1932","targetHints":{"allow":["GET"]}}],"collection":[{"href":"https:\/\/ilsovranista.com\/index.php?rest_route=\/wp\/v2\/posts"}],"about":[{"href":"https:\/\/ilsovranista.com\/index.php?rest_route=\/wp\/v2\/types\/post"}],"author":[{"embeddable":true,"href":"https:\/\/ilsovranista.com\/index.php?rest_route=\/wp\/v2\/users\/3"}],"replies":[{"embeddable":true,"href":"https:\/\/ilsovranista.com\/index.php?rest_route=%2Fwp%2Fv2%2Fcomments&post=1932"}],"version-history":[{"count":1,"href":"https:\/\/ilsovranista.com\/index.php?rest_route=\/wp\/v2\/posts\/1932\/revisions"}],"predecessor-version":[{"id":1934,"href":"https:\/\/ilsovranista.com\/index.php?rest_route=\/wp\/v2\/posts\/1932\/revisions\/1934"}],"wp:featuredmedia":[{"embeddable":true,"href":"https:\/\/ilsovranista.com\/index.php?rest_route=\/wp\/v2\/media\/1933"}],"wp:attachment":[{"href":"https:\/\/ilsovranista.com\/index.php?rest_route=%2Fwp%2Fv2%2Fmedia&parent=1932"}],"wp:term":[{"taxonomy":"category","embeddable":true,"href":"https:\/\/ilsovranista.com\/index.php?rest_route=%2Fwp%2Fv2%2Fcategories&post=1932"},{"taxonomy":"post_tag","embeddable":true,"href":"https:\/\/ilsovranista.com\/index.php?rest_route=%2Fwp%2Fv2%2Ftags&post=1932"}],"curies":[{"name":"wp","href":"https:\/\/api.w.org\/{rel}","templated":true}]}}