{"id":1927,"date":"2025-02-21T05:19:03","date_gmt":"2025-02-21T04:19:03","guid":{"rendered":"https:\/\/ilsovranista.com\/?p=1927"},"modified":"2025-02-21T05:32:48","modified_gmt":"2025-02-21T04:32:48","slug":"case-green-borchia-lega-ho-chiesto-chi-paga-dal-commissario-silenzio-assordante","status":"publish","type":"post","link":"https:\/\/ilsovranista.com\/?p=1927","title":{"rendered":"Case green, Borchia (Lega): Ho chiesto chi paga?. Dal Commissario, silenzio assordante"},"content":{"rendered":"<div class=\"post_text\">\n<div class=\"post_text_inner\">\n<h1 class=\"entry_title\"><\/h1>\n<div class=\"post_date\"><\/div>\n<\/div>\n<\/div>\n<div class=\"post_text\">\n<div class=\"post_text_inner\">\n<p>&#8220;Assordante silenzio dall\u2019Europa su chi debba sostenere le spese per la cosiddette \u2018case green\u2019 volute da Bruxelles. Nel question time della commissione Itre con il Commissario Ue per le politiche abitative Dan Jorgensen, abbiamo posto due domande: gli obiettivi dell\u2019atto delegato in arrivo il prossimo anno, ma soprattutto se ci fossero novit\u00e0 sulla copertura finanziaria. Citando il ministro Giorgetti, abbiamo chiesto \u2018chi paga?\u2019, un quesito puramente tecnico, ma nessuna risposta \u00e8 arrivata, lasciando di stucco la poco nutrita platea di circa una ventina di deputati. Come possono auspicare pi\u00f9 partecipazione ai dibattiti, se i commissari replicano solo alle domande pi\u00f9 comode? Un atteggiamento inspiegabile che non si pu\u00f2 accettare: milioni di europei si aspettano informazioni chiare, il settore dell\u2019edilizia \u00e8 in fibrillazione, inquietante che Jorgensen abbia completamente eluso la risposta. Se pensa di fuggire, si sbaglia di grosso: non ci fermeremo&#8221;.<\/p>\n<p>Lo ha dichiarato\u00a0<strong>Paolo Borchia,\u00a0<\/strong>capo delegazione della\u00a0<strong>Lega\u00a0<\/strong>al Parlamento Europeo<\/p>\n<\/div>\n<\/div>\n","protected":false},"excerpt":{"rendered":"<p>&#8220;Assordante silenzio dall\u2019Europa su chi debba sostenere le spese per la cosiddette \u2018case green\u2019 volute da Bruxelles. Nel question time della commissione Itre con il Commissario Ue per le politiche abitative Dan Jorgensen, abbiamo posto due domande: gli obiettivi dell\u2019atto delegato in arrivo il prossimo anno, ma soprattutto se ci fossero novit\u00e0 sulla copertura finanziaria. [&hellip;]<\/p>\n","protected":false},"author":3,"featured_media":1928,"comment_status":"open","ping_status":"closed","sticky":false,"template":"","format":"standard","meta":{"om_disable_all_campaigns":false,"_monsterinsights_skip_tracking":false,"_monsterinsights_sitenote_active":false,"_monsterinsights_sitenote_note":"","_monsterinsights_sitenote_category":0,"_uf_show_specific_survey":0,"_uf_disable_surveys":false,"footnotes":""},"categories":[275],"tags":[],"class_list":{"0":"post-1927","1":"post","2":"type-post","3":"status-publish","4":"format-standard","5":"has-post-thumbnail","7":"category-europa"},"aioseo_notices":[],"_links":{"self":[{"href":"https:\/\/ilsovranista.com\/index.php?rest_route=\/wp\/v2\/posts\/1927","targetHints":{"allow":["GET"]}}],"collection":[{"href":"https:\/\/ilsovranista.com\/index.php?rest_route=\/wp\/v2\/posts"}],"about":[{"href":"https:\/\/ilsovranista.com\/index.php?rest_route=\/wp\/v2\/types\/post"}],"author":[{"embeddable":true,"href":"https:\/\/ilsovranista.com\/index.php?rest_route=\/wp\/v2\/users\/3"}],"replies":[{"embeddable":true,"href":"https:\/\/ilsovranista.com\/index.php?rest_route=%2Fwp%2Fv2%2Fcomments&post=1927"}],"version-history":[{"count":1,"href":"https:\/\/ilsovranista.com\/index.php?rest_route=\/wp\/v2\/posts\/1927\/revisions"}],"predecessor-version":[{"id":1929,"href":"https:\/\/ilsovranista.com\/index.php?rest_route=\/wp\/v2\/posts\/1927\/revisions\/1929"}],"wp:featuredmedia":[{"embeddable":true,"href":"https:\/\/ilsovranista.com\/index.php?rest_route=\/wp\/v2\/media\/1928"}],"wp:attachment":[{"href":"https:\/\/ilsovranista.com\/index.php?rest_route=%2Fwp%2Fv2%2Fmedia&parent=1927"}],"wp:term":[{"taxonomy":"category","embeddable":true,"href":"https:\/\/ilsovranista.com\/index.php?rest_route=%2Fwp%2Fv2%2Fcategories&post=1927"},{"taxonomy":"post_tag","embeddable":true,"href":"https:\/\/ilsovranista.com\/index.php?rest_route=%2Fwp%2Fv2%2Ftags&post=1927"}],"curies":[{"name":"wp","href":"https:\/\/api.w.org\/{rel}","templated":true}]}}