{"id":1914,"date":"2025-02-20T19:45:22","date_gmt":"2025-02-20T18:45:22","guid":{"rendered":"https:\/\/ilsovranista.com\/?p=1914"},"modified":"2025-02-20T19:45:22","modified_gmt":"2025-02-20T18:45:22","slug":"schlein-pd-la-meloni-faccia-dimettere-delmastro","status":"publish","type":"post","link":"https:\/\/ilsovranista.com\/?p=1914","title":{"rendered":"Schlein (Pd): la Meloni faccia dimettere Delmastro"},"content":{"rendered":"<p>&#8221; <strong>Delmastro<\/strong> condannato per aver usato segreti di Stato contro le opposizioni dimostra quanto questa classe dirigente sia inadeguata. <strong>Giorgia Meloni<\/strong> adesso lo faccia dimettere anzich\u00e9 continuare a mentire sui fondi alla sanit\u00e0 pubblica e a non far nulla sulle bollette pi\u00f9 care d\u2019Europa&#8221;. Lo ha detto <strong>Elly Schlein<\/strong>, segretario nazionale del\u00a0<strong>Partito Democratico <\/strong>\u00a0dopo la condanna del Sottosegretario alla Giustizia per il caso <strong>Cospito.<\/strong><\/p>\n","protected":false},"excerpt":{"rendered":"<p>&#8221; Delmastro condannato per aver usato segreti di Stato contro le opposizioni dimostra quanto questa classe dirigente sia inadeguata. Giorgia Meloni adesso lo faccia dimettere anzich\u00e9 continuare a mentire sui fondi alla sanit\u00e0 pubblica e a non far nulla sulle bollette pi\u00f9 care d\u2019Europa&#8221;. Lo ha detto Elly Schlein, segretario nazionale del\u00a0Partito Democratico \u00a0dopo la [&hellip;]<\/p>\n","protected":false},"author":3,"featured_media":1915,"comment_status":"open","ping_status":"closed","sticky":false,"template":"","format":"standard","meta":{"om_disable_all_campaigns":false,"_monsterinsights_skip_tracking":false,"_monsterinsights_sitenote_active":false,"_monsterinsights_sitenote_note":"","_monsterinsights_sitenote_category":0,"_uf_show_specific_survey":0,"_uf_disable_surveys":false,"footnotes":""},"categories":[33],"tags":[],"class_list":{"0":"post-1914","1":"post","2":"type-post","3":"status-publish","4":"format-standard","5":"has-post-thumbnail","7":"category-politica"},"aioseo_notices":[],"_links":{"self":[{"href":"https:\/\/ilsovranista.com\/index.php?rest_route=\/wp\/v2\/posts\/1914","targetHints":{"allow":["GET"]}}],"collection":[{"href":"https:\/\/ilsovranista.com\/index.php?rest_route=\/wp\/v2\/posts"}],"about":[{"href":"https:\/\/ilsovranista.com\/index.php?rest_route=\/wp\/v2\/types\/post"}],"author":[{"embeddable":true,"href":"https:\/\/ilsovranista.com\/index.php?rest_route=\/wp\/v2\/users\/3"}],"replies":[{"embeddable":true,"href":"https:\/\/ilsovranista.com\/index.php?rest_route=%2Fwp%2Fv2%2Fcomments&post=1914"}],"version-history":[{"count":1,"href":"https:\/\/ilsovranista.com\/index.php?rest_route=\/wp\/v2\/posts\/1914\/revisions"}],"predecessor-version":[{"id":1916,"href":"https:\/\/ilsovranista.com\/index.php?rest_route=\/wp\/v2\/posts\/1914\/revisions\/1916"}],"wp:featuredmedia":[{"embeddable":true,"href":"https:\/\/ilsovranista.com\/index.php?rest_route=\/wp\/v2\/media\/1915"}],"wp:attachment":[{"href":"https:\/\/ilsovranista.com\/index.php?rest_route=%2Fwp%2Fv2%2Fmedia&parent=1914"}],"wp:term":[{"taxonomy":"category","embeddable":true,"href":"https:\/\/ilsovranista.com\/index.php?rest_route=%2Fwp%2Fv2%2Fcategories&post=1914"},{"taxonomy":"post_tag","embeddable":true,"href":"https:\/\/ilsovranista.com\/index.php?rest_route=%2Fwp%2Fv2%2Ftags&post=1914"}],"curies":[{"name":"wp","href":"https:\/\/api.w.org\/{rel}","templated":true}]}}