{"id":1886,"date":"2025-02-20T00:36:05","date_gmt":"2025-02-19T23:36:05","guid":{"rendered":"https:\/\/ilsovranista.com\/?p=1886"},"modified":"2025-02-19T22:38:20","modified_gmt":"2025-02-19T21:38:20","slug":"futuro-della-lega-lannuncio-di-fedriga-congresso-con-candidato-unico","status":"publish","type":"post","link":"https:\/\/ilsovranista.com\/?p=1886","title":{"rendered":"Futuro della Lega, l&#8217;annuncio di Fedriga: congresso con candidato unico"},"content":{"rendered":"<p>&#8220;Il congresso della Lega non sar\u00e0 deciso dagli iscritti al Centro-Sud. Non \u00e8 cos\u00ec, verr\u00e0 deciso dagli iscritti della Lega che hanno diritto al voto&#8221;.<\/p>\n<p>Lo ha precisato\u00a0<strong>Massimilano Fedriga,\u00a0<\/strong>presidente del Friuli Venezia Giulia, a margine della plenaria del Comitato europeo delle Regioni a Bruxelles, interpellato sull&#8217;esito del congresso.<\/p>\n<p>&#8220;Penso probabilmente che arriveremo al congresso con un candidato unico, quindi mi sembra che siano ricostruzioni che anche nei fatti risultano assolutamente fantasiose&#8221;, ha puntualizzato. Quanto al nome del partito &#8220;decider\u00e0 il segretario, non penso c&#8217;erano questi problemi da affrontare n\u00e9 per il paese n\u00e9 per la Lega&#8221;.<\/p>\n","protected":false},"excerpt":{"rendered":"<p>&#8220;Il congresso della Lega non sar\u00e0 deciso dagli iscritti al Centro-Sud. Non \u00e8 cos\u00ec, verr\u00e0 deciso dagli iscritti della Lega che hanno diritto al voto&#8221;. Lo ha precisato\u00a0Massimilano Fedriga,\u00a0presidente del Friuli Venezia Giulia, a margine della plenaria del Comitato europeo delle Regioni a Bruxelles, interpellato sull&#8217;esito del congresso. &#8220;Penso probabilmente che arriveremo al congresso con [&hellip;]<\/p>\n","protected":false},"author":3,"featured_media":1887,"comment_status":"open","ping_status":"closed","sticky":false,"template":"","format":"standard","meta":{"om_disable_all_campaigns":false,"_monsterinsights_skip_tracking":false,"_monsterinsights_sitenote_active":false,"_monsterinsights_sitenote_note":"","_monsterinsights_sitenote_category":0,"_uf_show_specific_survey":0,"_uf_disable_surveys":false,"footnotes":""},"categories":[33],"tags":[],"class_list":{"0":"post-1886","1":"post","2":"type-post","3":"status-publish","4":"format-standard","5":"has-post-thumbnail","7":"category-politica"},"aioseo_notices":[],"_links":{"self":[{"href":"https:\/\/ilsovranista.com\/index.php?rest_route=\/wp\/v2\/posts\/1886","targetHints":{"allow":["GET"]}}],"collection":[{"href":"https:\/\/ilsovranista.com\/index.php?rest_route=\/wp\/v2\/posts"}],"about":[{"href":"https:\/\/ilsovranista.com\/index.php?rest_route=\/wp\/v2\/types\/post"}],"author":[{"embeddable":true,"href":"https:\/\/ilsovranista.com\/index.php?rest_route=\/wp\/v2\/users\/3"}],"replies":[{"embeddable":true,"href":"https:\/\/ilsovranista.com\/index.php?rest_route=%2Fwp%2Fv2%2Fcomments&post=1886"}],"version-history":[{"count":1,"href":"https:\/\/ilsovranista.com\/index.php?rest_route=\/wp\/v2\/posts\/1886\/revisions"}],"predecessor-version":[{"id":1888,"href":"https:\/\/ilsovranista.com\/index.php?rest_route=\/wp\/v2\/posts\/1886\/revisions\/1888"}],"wp:featuredmedia":[{"embeddable":true,"href":"https:\/\/ilsovranista.com\/index.php?rest_route=\/wp\/v2\/media\/1887"}],"wp:attachment":[{"href":"https:\/\/ilsovranista.com\/index.php?rest_route=%2Fwp%2Fv2%2Fmedia&parent=1886"}],"wp:term":[{"taxonomy":"category","embeddable":true,"href":"https:\/\/ilsovranista.com\/index.php?rest_route=%2Fwp%2Fv2%2Fcategories&post=1886"},{"taxonomy":"post_tag","embeddable":true,"href":"https:\/\/ilsovranista.com\/index.php?rest_route=%2Fwp%2Fv2%2Ftags&post=1886"}],"curies":[{"name":"wp","href":"https:\/\/api.w.org\/{rel}","templated":true}]}}