{"id":1883,"date":"2025-02-20T00:30:17","date_gmt":"2025-02-19T23:30:17","guid":{"rendered":"https:\/\/ilsovranista.com\/?p=1883"},"modified":"2025-02-19T22:35:24","modified_gmt":"2025-02-19T21:35:24","slug":"cagliari-il-consigliere-secci-lascia-la-lega-questo-partito-non-mi-appartiene-piu","status":"publish","type":"post","link":"https:\/\/ilsovranista.com\/?p=1883","title":{"rendered":"Cagliari, il consigliere Secci lascia la Lega: &#8220;questo partito non mi appartiene pi\u00f9&#8221;"},"content":{"rendered":"<p><strong>Simone Secci<\/strong>, consigliere di maggioranza nel Consiglio comunale di Nuxis, in provincia di Cagliari ha annunciato la sua uscita dalla Lega con una lettera inviata al segretario nazionale, il vicepresidente del Consiglio dei ministri Matteo Salvini.<\/p>\n<p>\u00abCaro Matteo\u00a0\u2013\u00a0<strong>scrive Simone Secci<\/strong>\u00a0-,\u00a0dopo lunga e combattuta riflessione sul mio ruolo e sul farmi portavoce degli obiettivi e delle finalit\u00e0 del partito nel mio territorio, in qualit\u00e0 di amministratore locale, sono purtroppo giunto alla conclusione di non avere pi\u00f9 nulla da condividere con la Lega. Le numerose vicissitudini che hanno travolto lo scenario locale, le scelte, a mio avviso sbagliate, quando non addirittura mosse da personalismi e da logiche che non mi sono mai appartenute, mi impongono, per coscienza, coerenza e per amor proprio, di interrompere qui il nostro percorso insieme.\u00bb<\/p>\n<p>\u00abContinuer\u00f2 a servire le persone che hanno creduto in me e che in questi 17 anni di amministratore del territorio, mi hanno onorato della loro fiducia\u00a0\u2013\u00a0<strong>aggiunge Simone Secci<\/strong>\u00a0-.\u00a0Ma continuer\u00f2 a farlo fuori dalle logiche di questo partito che non mi rappresenta pi\u00f9. Vado via con la consapevolezza di aver dato tanto e di aver comunque creduto, e provato, fino all\u2019ultimo, a portare avanti l\u2019impegno assunto. Con la stima umana che nutro verso la tua persona, ti saluto caramente. Simone Secci.\u00bb<\/p>\n","protected":false},"excerpt":{"rendered":"<p>Simone Secci, consigliere di maggioranza nel Consiglio comunale di Nuxis, in provincia di Cagliari ha annunciato la sua uscita dalla Lega con una lettera inviata al segretario nazionale, il vicepresidente del Consiglio dei ministri Matteo Salvini. \u00abCaro Matteo\u00a0\u2013\u00a0scrive Simone Secci\u00a0-,\u00a0dopo lunga e combattuta riflessione sul mio ruolo e sul farmi portavoce degli obiettivi e delle [&hellip;]<\/p>\n","protected":false},"author":3,"featured_media":1884,"comment_status":"open","ping_status":"closed","sticky":false,"template":"","format":"standard","meta":{"om_disable_all_campaigns":false,"_monsterinsights_skip_tracking":false,"_monsterinsights_sitenote_active":false,"_monsterinsights_sitenote_note":"","_monsterinsights_sitenote_category":0,"_uf_show_specific_survey":0,"_uf_disable_surveys":false,"footnotes":""},"categories":[36],"tags":[],"class_list":{"0":"post-1883","1":"post","2":"type-post","3":"status-publish","4":"format-standard","5":"has-post-thumbnail","7":"category-prima-i-territori"},"aioseo_notices":[],"_links":{"self":[{"href":"https:\/\/ilsovranista.com\/index.php?rest_route=\/wp\/v2\/posts\/1883","targetHints":{"allow":["GET"]}}],"collection":[{"href":"https:\/\/ilsovranista.com\/index.php?rest_route=\/wp\/v2\/posts"}],"about":[{"href":"https:\/\/ilsovranista.com\/index.php?rest_route=\/wp\/v2\/types\/post"}],"author":[{"embeddable":true,"href":"https:\/\/ilsovranista.com\/index.php?rest_route=\/wp\/v2\/users\/3"}],"replies":[{"embeddable":true,"href":"https:\/\/ilsovranista.com\/index.php?rest_route=%2Fwp%2Fv2%2Fcomments&post=1883"}],"version-history":[{"count":1,"href":"https:\/\/ilsovranista.com\/index.php?rest_route=\/wp\/v2\/posts\/1883\/revisions"}],"predecessor-version":[{"id":1885,"href":"https:\/\/ilsovranista.com\/index.php?rest_route=\/wp\/v2\/posts\/1883\/revisions\/1885"}],"wp:featuredmedia":[{"embeddable":true,"href":"https:\/\/ilsovranista.com\/index.php?rest_route=\/wp\/v2\/media\/1884"}],"wp:attachment":[{"href":"https:\/\/ilsovranista.com\/index.php?rest_route=%2Fwp%2Fv2%2Fmedia&parent=1883"}],"wp:term":[{"taxonomy":"category","embeddable":true,"href":"https:\/\/ilsovranista.com\/index.php?rest_route=%2Fwp%2Fv2%2Fcategories&post=1883"},{"taxonomy":"post_tag","embeddable":true,"href":"https:\/\/ilsovranista.com\/index.php?rest_route=%2Fwp%2Fv2%2Ftags&post=1883"}],"curies":[{"name":"wp","href":"https:\/\/api.w.org\/{rel}","templated":true}]}}