{"id":1865,"date":"2025-02-18T19:31:32","date_gmt":"2025-02-18T18:31:32","guid":{"rendered":"https:\/\/ilsovranista.com\/?p=1865"},"modified":"2025-02-18T19:31:32","modified_gmt":"2025-02-18T18:31:32","slug":"giorgianni-fdi-con-fondo-per-emergenze-nazionali-risposta-a-comunita-colpite","status":"publish","type":"post","link":"https:\/\/ilsovranista.com\/?p=1865","title":{"rendered":"Giorgianni (FdI): con fondo per emergenze nazionali risposta a comunit\u00e0 colpite"},"content":{"rendered":"<p>\u201cIl governo <strong>Meloni,<\/strong> in materia di emergenza e ricostruzione, sta segnando passaggi storici. Per la prima volta, sta per essere approvato in Senato un disegno di legge sulla ricostruzione, un vero e proprio hardware normativo che permetter\u00e0, in caso di catastrofe, di sapere fin da subito chi deve fare cosa. Inoltre, nella legge di bilancio 2025, \u00e8 stato istituito \u2013 per la prima volta \u2013 un fondo da 1,5 miliardi per le grandi emergenze nazionali, attivo dal 2027. All\u2019interno di questo quadro, abbiamo dato una risposta tempestiva alle comunit\u00e0 colpite di Umbertide, Pierantonio, Ancona, Senigallia e Pesaro, accelerando la ricostruzione senza costi aggiuntivi per lo Stato. La gestione \u00e8 stata affidata al Commissario Sisma 2016, sfruttando strutture gi\u00e0 operative e attivando immediatamente le risorse necessarie grazie alla contabilit\u00e0 speciale. Con l\u2019ordine del giorno a mia prima firma approvato oggi si chiarisce definitivamente che tali risorse saranno integralmente restituite nel 2027-28 attraverso il fondo dedicato, come gi\u00e0 confermato dal governo. A chi continua a diffondere dubbi e polemiche, rispondiamo con i fatti. Questa \u00e8 l\u2019ennesima dimostrazione di pragmatismo e capacit\u00e0 strategica di un governo che sta facendo ci\u00f2 che altri non hanno mai voluto fare\u201d.<\/p>\n<p>Lo dichiara <strong>Letizia Giorgianni<\/strong>, deputato di\u00a0<strong>Fratelli d&#8217;Italia\u00a0<\/strong><\/p>\n","protected":false},"excerpt":{"rendered":"<p>\u201cIl governo Meloni, in materia di emergenza e ricostruzione, sta segnando passaggi storici. Per la prima volta, sta per essere approvato in Senato un disegno di legge sulla ricostruzione, un vero e proprio hardware normativo che permetter\u00e0, in caso di catastrofe, di sapere fin da subito chi deve fare cosa. Inoltre, nella legge di bilancio [&hellip;]<\/p>\n","protected":false},"author":3,"featured_media":1867,"comment_status":"open","ping_status":"closed","sticky":false,"template":"","format":"standard","meta":{"om_disable_all_campaigns":false,"_monsterinsights_skip_tracking":false,"_monsterinsights_sitenote_active":false,"_monsterinsights_sitenote_note":"","_monsterinsights_sitenote_category":0,"_uf_show_specific_survey":0,"_uf_disable_surveys":false,"footnotes":""},"categories":[33],"tags":[],"class_list":{"0":"post-1865","1":"post","2":"type-post","3":"status-publish","4":"format-standard","5":"has-post-thumbnail","7":"category-politica"},"aioseo_notices":[],"_links":{"self":[{"href":"https:\/\/ilsovranista.com\/index.php?rest_route=\/wp\/v2\/posts\/1865","targetHints":{"allow":["GET"]}}],"collection":[{"href":"https:\/\/ilsovranista.com\/index.php?rest_route=\/wp\/v2\/posts"}],"about":[{"href":"https:\/\/ilsovranista.com\/index.php?rest_route=\/wp\/v2\/types\/post"}],"author":[{"embeddable":true,"href":"https:\/\/ilsovranista.com\/index.php?rest_route=\/wp\/v2\/users\/3"}],"replies":[{"embeddable":true,"href":"https:\/\/ilsovranista.com\/index.php?rest_route=%2Fwp%2Fv2%2Fcomments&post=1865"}],"version-history":[{"count":1,"href":"https:\/\/ilsovranista.com\/index.php?rest_route=\/wp\/v2\/posts\/1865\/revisions"}],"predecessor-version":[{"id":1868,"href":"https:\/\/ilsovranista.com\/index.php?rest_route=\/wp\/v2\/posts\/1865\/revisions\/1868"}],"wp:featuredmedia":[{"embeddable":true,"href":"https:\/\/ilsovranista.com\/index.php?rest_route=\/wp\/v2\/media\/1867"}],"wp:attachment":[{"href":"https:\/\/ilsovranista.com\/index.php?rest_route=%2Fwp%2Fv2%2Fmedia&parent=1865"}],"wp:term":[{"taxonomy":"category","embeddable":true,"href":"https:\/\/ilsovranista.com\/index.php?rest_route=%2Fwp%2Fv2%2Fcategories&post=1865"},{"taxonomy":"post_tag","embeddable":true,"href":"https:\/\/ilsovranista.com\/index.php?rest_route=%2Fwp%2Fv2%2Ftags&post=1865"}],"curies":[{"name":"wp","href":"https:\/\/api.w.org\/{rel}","templated":true}]}}