{"id":1817,"date":"2025-02-16T18:08:53","date_gmt":"2025-02-16T17:08:53","guid":{"rendered":"https:\/\/ilsovranista.com\/?p=1817"},"modified":"2025-02-16T18:09:57","modified_gmt":"2025-02-16T17:09:57","slug":"fisco-la-lega-insiste-sulla-rottamazione-da-altre-misure-solo-mancette","status":"publish","type":"post","link":"https:\/\/ilsovranista.com\/?p=1817","title":{"rendered":"Fisco, la Lega insiste sulla rottamazione: da altre misure solo mancette"},"content":{"rendered":"<p class=\"atext\">Il ceto medio si aiuta con la rottamazione delle cartelle: libererebbe dall\u2019angoscia dell\u2019Agenzia delle Entrate oltre 23 milioni di italiani. Altre misure ipotizzate nelle ultime ore, invece, nel concreto garantirebbero una mancetta da poco pi\u00f9 di 36 euro al mese per 1,7 milioni di cittadini. Conti alla mano, la Lega \u00e8 pronta a discutere con gli alleati con la convinzione di proporre la soluzione migliore e pi\u00f9 concreta\u00bb Cos\u00ec domenica 16 febbraio una nota della Lega.<\/p>\n<p class=\"atext\">La<strong> Lega<\/strong> insiste dunque sulla rottamazione delle cartelle. Una partita che\u00a0<b>Matteo Salvini<\/b>\u00a0\u00e8 deciso a portare avanti e sulla quale si dice certo di poter\u00a0convincere anche gli alleati.\u00a0Nessuno nel centrodestra \u00e8, del resto, contrario ma la questione \u00e8 piuttosto di priorit\u00e0 e risorse da mettere in campo. Forza Italia, infatti, da sempre insiste sul taglio dell\u2019Irpef con Fratelli d\u2019Italia che appoggia l\u2019ipotesi di un intervento in questo senso per favorire i ceti medi. Intanto sulla \u201cpace fiscale\u201d voluta dalla Lega l\u2019opposizione va all\u2019attacco parlando di un \u00abennesimo condono indiscriminato\u00bb.<\/p>\n","protected":false},"excerpt":{"rendered":"<p>Il ceto medio si aiuta con la rottamazione delle cartelle: libererebbe dall\u2019angoscia dell\u2019Agenzia delle Entrate oltre 23 milioni di italiani. Altre misure ipotizzate nelle ultime ore, invece, nel concreto garantirebbero una mancetta da poco pi\u00f9 di 36 euro al mese per 1,7 milioni di cittadini. Conti alla mano, la Lega \u00e8 pronta a discutere con [&hellip;]<\/p>\n","protected":false},"author":3,"featured_media":1818,"comment_status":"open","ping_status":"closed","sticky":false,"template":"","format":"standard","meta":{"om_disable_all_campaigns":false,"_monsterinsights_skip_tracking":false,"_monsterinsights_sitenote_active":false,"_monsterinsights_sitenote_note":"","_monsterinsights_sitenote_category":0,"_uf_show_specific_survey":0,"_uf_disable_surveys":false,"footnotes":""},"categories":[33],"tags":[],"class_list":{"0":"post-1817","1":"post","2":"type-post","3":"status-publish","4":"format-standard","5":"has-post-thumbnail","7":"category-politica"},"aioseo_notices":[],"_links":{"self":[{"href":"https:\/\/ilsovranista.com\/index.php?rest_route=\/wp\/v2\/posts\/1817","targetHints":{"allow":["GET"]}}],"collection":[{"href":"https:\/\/ilsovranista.com\/index.php?rest_route=\/wp\/v2\/posts"}],"about":[{"href":"https:\/\/ilsovranista.com\/index.php?rest_route=\/wp\/v2\/types\/post"}],"author":[{"embeddable":true,"href":"https:\/\/ilsovranista.com\/index.php?rest_route=\/wp\/v2\/users\/3"}],"replies":[{"embeddable":true,"href":"https:\/\/ilsovranista.com\/index.php?rest_route=%2Fwp%2Fv2%2Fcomments&post=1817"}],"version-history":[{"count":1,"href":"https:\/\/ilsovranista.com\/index.php?rest_route=\/wp\/v2\/posts\/1817\/revisions"}],"predecessor-version":[{"id":1819,"href":"https:\/\/ilsovranista.com\/index.php?rest_route=\/wp\/v2\/posts\/1817\/revisions\/1819"}],"wp:featuredmedia":[{"embeddable":true,"href":"https:\/\/ilsovranista.com\/index.php?rest_route=\/wp\/v2\/media\/1818"}],"wp:attachment":[{"href":"https:\/\/ilsovranista.com\/index.php?rest_route=%2Fwp%2Fv2%2Fmedia&parent=1817"}],"wp:term":[{"taxonomy":"category","embeddable":true,"href":"https:\/\/ilsovranista.com\/index.php?rest_route=%2Fwp%2Fv2%2Fcategories&post=1817"},{"taxonomy":"post_tag","embeddable":true,"href":"https:\/\/ilsovranista.com\/index.php?rest_route=%2Fwp%2Fv2%2Ftags&post=1817"}],"curies":[{"name":"wp","href":"https:\/\/api.w.org\/{rel}","templated":true}]}}