{"id":1814,"date":"2025-02-16T18:00:36","date_gmt":"2025-02-16T17:00:36","guid":{"rendered":"https:\/\/ilsovranista.com\/?p=1814"},"modified":"2025-02-16T18:00:36","modified_gmt":"2025-02-16T17:00:36","slug":"bolzano-raccolta-firme-a-sostegno-delle-forse-dellordine-lincredibile-gaffe-sui-manifesti-della-lega","status":"publish","type":"post","link":"https:\/\/ilsovranista.com\/?p=1814","title":{"rendered":"Bolzano, raccolta firme a sostegno delle ForSe dell&#8217;ordine&#8221;, l&#8217;incredibile gaffe sui manifesti della Lega"},"content":{"rendered":"<p>&#8221;Raccolta firme a sostegno delle\u00a0<strong>FORSE\u00a0dell&#8217;ordine<\/strong>&#8221;. Pu\u00f2 un refuso del genere finire su un manifesto affisso per le vie della citt\u00e0 dove tra poche settimane si andr\u00e0 a votare per eleggere la nuova classe dirigente? Evidentemente s\u00ec. Impresa riuscita alla Lega di Bolzano. Aggiungiamo inoltre che le &#8220;FORSE dell&#8217;ordine ritratte nel manifesto non sono nemmeno quelle italiane. Il carabiniere fotografato di spalle con il basco rosso non \u00e8 un militare dell&#8217;Arma ma un membro delle forze armate moldave.<\/p>\n<p>&nbsp;<\/p>\n<p>&nbsp;<\/p>\n","protected":false},"excerpt":{"rendered":"<p>&#8221;Raccolta firme a sostegno delle\u00a0FORSE\u00a0dell&#8217;ordine&#8221;. Pu\u00f2 un refuso del genere finire su un manifesto affisso per le vie della citt\u00e0 dove tra poche settimane si andr\u00e0 a votare per eleggere la nuova classe dirigente? Evidentemente s\u00ec. Impresa riuscita alla Lega di Bolzano. Aggiungiamo inoltre che le &#8220;FORSE dell&#8217;ordine ritratte nel manifesto non sono nemmeno quelle [&hellip;]<\/p>\n","protected":false},"author":3,"featured_media":1815,"comment_status":"open","ping_status":"closed","sticky":false,"template":"","format":"standard","meta":{"om_disable_all_campaigns":false,"_monsterinsights_skip_tracking":false,"_monsterinsights_sitenote_active":false,"_monsterinsights_sitenote_note":"","_monsterinsights_sitenote_category":0,"_uf_show_specific_survey":0,"_uf_disable_surveys":false,"footnotes":""},"categories":[33],"tags":[],"class_list":{"0":"post-1814","1":"post","2":"type-post","3":"status-publish","4":"format-standard","5":"has-post-thumbnail","7":"category-politica"},"aioseo_notices":[],"_links":{"self":[{"href":"https:\/\/ilsovranista.com\/index.php?rest_route=\/wp\/v2\/posts\/1814","targetHints":{"allow":["GET"]}}],"collection":[{"href":"https:\/\/ilsovranista.com\/index.php?rest_route=\/wp\/v2\/posts"}],"about":[{"href":"https:\/\/ilsovranista.com\/index.php?rest_route=\/wp\/v2\/types\/post"}],"author":[{"embeddable":true,"href":"https:\/\/ilsovranista.com\/index.php?rest_route=\/wp\/v2\/users\/3"}],"replies":[{"embeddable":true,"href":"https:\/\/ilsovranista.com\/index.php?rest_route=%2Fwp%2Fv2%2Fcomments&post=1814"}],"version-history":[{"count":1,"href":"https:\/\/ilsovranista.com\/index.php?rest_route=\/wp\/v2\/posts\/1814\/revisions"}],"predecessor-version":[{"id":1816,"href":"https:\/\/ilsovranista.com\/index.php?rest_route=\/wp\/v2\/posts\/1814\/revisions\/1816"}],"wp:featuredmedia":[{"embeddable":true,"href":"https:\/\/ilsovranista.com\/index.php?rest_route=\/wp\/v2\/media\/1815"}],"wp:attachment":[{"href":"https:\/\/ilsovranista.com\/index.php?rest_route=%2Fwp%2Fv2%2Fmedia&parent=1814"}],"wp:term":[{"taxonomy":"category","embeddable":true,"href":"https:\/\/ilsovranista.com\/index.php?rest_route=%2Fwp%2Fv2%2Fcategories&post=1814"},{"taxonomy":"post_tag","embeddable":true,"href":"https:\/\/ilsovranista.com\/index.php?rest_route=%2Fwp%2Fv2%2Ftags&post=1814"}],"curies":[{"name":"wp","href":"https:\/\/api.w.org\/{rel}","templated":true}]}}