{"id":1805,"date":"2025-02-16T05:33:40","date_gmt":"2025-02-16T04:33:40","guid":{"rendered":"https:\/\/ilsovranista.com\/?p=1805"},"modified":"2025-02-16T05:33:40","modified_gmt":"2025-02-16T04:33:40","slug":"emilia-romagna-cavandoli-lega-de-pascale-aumenta-le-tasse-in-piena-linea-pd","status":"publish","type":"post","link":"https:\/\/ilsovranista.com\/?p=1805","title":{"rendered":"Emilia Romagna, Cavandoli (Lega): De Pascale aumenta le tasse in piena linea Pd"},"content":{"rendered":"<p>&#8220;A pochi mesi dalla campagna elettorale in Emilia, in cui la sinistra ha promesso tutto a tutti, cosa fa il Pd? Aumenta le tasse. Il primo atto politico importante del presidente Pd \u00e8 il bilancio dell\u2019Emilia-Romagna 2025-2027 e prevede gravi aumenti per l\u2019addizionale Irpef e i ticket su alcune prestazioni sanitarie, che gi\u00e0 avevano avuto un aumento tenuto in sordina la scorsa estate. Poi dall\u2019anno prossimo aumenteranno l\u2019Irap e il bollo auto. La motivazione \u00e8 sempre la stessa: \u00e8 colpa del governo di centrodestra e che si vuole preservare la sanit\u00e0 pubblica, preservare, ripeto, non migliorare. De Pascale quindi fa quello che fa sempre il Pd quando governa: aumenta le tasse. Invece di migliorare le convenzioni con la sanit\u00e0 privata per dare risposte in tempi rapidi ai cittadini, si preferisce ancora una volta mettere le mani nelle tasche dei cittadini. Per non parlare del bollo auto in aumento, che in una regione che vuole bandire veicoli che hanno meno di 10 anni di vita \u00e8 una scelta irresponsabile e puramente ideologica di chi pensa a tassare ogni veicolo circolante come se utilizzare una utilitaria per andare a lavorare sia un vezzo. Evidentemente anche De Pascale \u00e8 in preda al \u2018delirio da ZTL\u2019 e pensa che ci si possa muovere per tutta la regione a piedi o con i mezzi pubblici. Sar\u00e0 mia cura invitarlo a visitare il territorio dei nostri comuni appenninici, che raggiunger\u00e0 ovviamente con i mezzi pubblici\u201d.<\/p>\n<p>Lo afferma in una nota, diffusa alla stampa, <strong>Laura<\/strong> <strong>Cavandoli<\/strong>, deputato della Lega in Commissione Finanze.<\/p>\n","protected":false},"excerpt":{"rendered":"<p>&#8220;A pochi mesi dalla campagna elettorale in Emilia, in cui la sinistra ha promesso tutto a tutti, cosa fa il Pd? Aumenta le tasse. Il primo atto politico importante del presidente Pd \u00e8 il bilancio dell\u2019Emilia-Romagna 2025-2027 e prevede gravi aumenti per l\u2019addizionale Irpef e i ticket su alcune prestazioni sanitarie, che gi\u00e0 avevano avuto [&hellip;]<\/p>\n","protected":false},"author":3,"featured_media":1806,"comment_status":"open","ping_status":"closed","sticky":false,"template":"","format":"standard","meta":{"om_disable_all_campaigns":false,"_monsterinsights_skip_tracking":false,"_monsterinsights_sitenote_active":false,"_monsterinsights_sitenote_note":"","_monsterinsights_sitenote_category":0,"_uf_show_specific_survey":0,"_uf_disable_surveys":false,"footnotes":""},"categories":[36],"tags":[],"class_list":{"0":"post-1805","1":"post","2":"type-post","3":"status-publish","4":"format-standard","5":"has-post-thumbnail","7":"category-prima-i-territori"},"aioseo_notices":[],"_links":{"self":[{"href":"https:\/\/ilsovranista.com\/index.php?rest_route=\/wp\/v2\/posts\/1805","targetHints":{"allow":["GET"]}}],"collection":[{"href":"https:\/\/ilsovranista.com\/index.php?rest_route=\/wp\/v2\/posts"}],"about":[{"href":"https:\/\/ilsovranista.com\/index.php?rest_route=\/wp\/v2\/types\/post"}],"author":[{"embeddable":true,"href":"https:\/\/ilsovranista.com\/index.php?rest_route=\/wp\/v2\/users\/3"}],"replies":[{"embeddable":true,"href":"https:\/\/ilsovranista.com\/index.php?rest_route=%2Fwp%2Fv2%2Fcomments&post=1805"}],"version-history":[{"count":1,"href":"https:\/\/ilsovranista.com\/index.php?rest_route=\/wp\/v2\/posts\/1805\/revisions"}],"predecessor-version":[{"id":1807,"href":"https:\/\/ilsovranista.com\/index.php?rest_route=\/wp\/v2\/posts\/1805\/revisions\/1807"}],"wp:featuredmedia":[{"embeddable":true,"href":"https:\/\/ilsovranista.com\/index.php?rest_route=\/wp\/v2\/media\/1806"}],"wp:attachment":[{"href":"https:\/\/ilsovranista.com\/index.php?rest_route=%2Fwp%2Fv2%2Fmedia&parent=1805"}],"wp:term":[{"taxonomy":"category","embeddable":true,"href":"https:\/\/ilsovranista.com\/index.php?rest_route=%2Fwp%2Fv2%2Fcategories&post=1805"},{"taxonomy":"post_tag","embeddable":true,"href":"https:\/\/ilsovranista.com\/index.php?rest_route=%2Fwp%2Fv2%2Ftags&post=1805"}],"curies":[{"name":"wp","href":"https:\/\/api.w.org\/{rel}","templated":true}]}}