{"id":1765,"date":"2025-02-15T00:07:52","date_gmt":"2025-02-14T23:07:52","guid":{"rendered":"https:\/\/ilsovranista.com\/?p=1765"},"modified":"2025-02-14T22:11:54","modified_gmt":"2025-02-14T21:11:54","slug":"regione-lazio-arriva-la-pace-tra-salvini-e-rocca-dopo-le-frizioni","status":"publish","type":"post","link":"https:\/\/ilsovranista.com\/?p=1765","title":{"rendered":"Regione Lazio, arriva la pace tra Salvini e Rocca dopo le frizioni"},"content":{"rendered":"<p>Va in scena il disgelo tra\u00a0<strong>Matteo Salvini<\/strong>\u00a0e\u00a0<strong>Francesco Rocca<\/strong>. Dopo lo scontro e le\u00a0<strong>richieste di rimpasto<\/strong>, ecco la \u201cstretta\u201d di mano. Ma arriva anche qualche \u201cbordata\u201d da parte\u00a0<strong>segretario della Lega<\/strong>\u00a0ai suoi alleati, cos\u00ec come al\u00a0<strong>governatore della<\/strong>\u00a0<strong>Regione Lazio<\/strong>. Per il momento, tra Salvini e Rocca, la pace \u00e8 ufficialmente siglata. Il teatro del confronto \u00e8 la\u00a0<strong>Sala Tirreno<\/strong>\u00a0della sede della\u00a0<strong>giunta regionale<\/strong>. L\u2019occasione \u00e8 dettata dal convegno\u00a0<strong>\u201cDecreto salva casa, semplificazione urbanistica\u201d<\/strong>, organizzato dai leghisti, con una platea gremita di militanti, eletti, e sindaci. \u201cCi siamo chiariti. Ma \u00e8 fisiologico: quando parliamo di personalit\u00e0 forti il ruolo del presidente \u00e8 di mediare e di ascoltare. Non c\u2019\u00e8 nessuna fuga in avanti da parte di nessuno. Ogni tanto nelle coalizioni ci sono dei momenti di confronto. Ieri con Salvini ci siamo incontrati cordialmente\u201d. Lo afferma il presidente Rocca, precisando quanto il partito capitanato da Salvini sia importante per il centrodestra del Lazio: \u201cLa Lega \u00e8 parte essenziale della coalizione\u201d. E poi precisa: \u201cMi sono messo io per primo a petto in fuori quando qualcuno con\u00a0<strong>giochi di palazzo<\/strong>\u00a0aveva provato a reclamare un\u00a0<strong>assessore<\/strong>\u00a0a dispetto di altri. Il mio mantra \u00e8 squadra che vince non si cambia\u201d, ribadisce Rocca che al momento, garantisce che verr\u00e0 riconosciuta la dignit\u00e0 politica della Lega, con scelte condivise tra gli alleati.<\/p>\n","protected":false},"excerpt":{"rendered":"<p>Va in scena il disgelo tra\u00a0Matteo Salvini\u00a0e\u00a0Francesco Rocca. Dopo lo scontro e le\u00a0richieste di rimpasto, ecco la \u201cstretta\u201d di mano. Ma arriva anche qualche \u201cbordata\u201d da parte\u00a0segretario della Lega\u00a0ai suoi alleati, cos\u00ec come al\u00a0governatore della\u00a0Regione Lazio. Per il momento, tra Salvini e Rocca, la pace \u00e8 ufficialmente siglata. Il teatro del confronto \u00e8 la\u00a0Sala Tirreno\u00a0della [&hellip;]<\/p>\n","protected":false},"author":3,"featured_media":1766,"comment_status":"open","ping_status":"closed","sticky":false,"template":"","format":"standard","meta":{"om_disable_all_campaigns":false,"_monsterinsights_skip_tracking":false,"_monsterinsights_sitenote_active":false,"_monsterinsights_sitenote_note":"","_monsterinsights_sitenote_category":0,"_uf_show_specific_survey":0,"_uf_disable_surveys":false,"footnotes":""},"categories":[33],"tags":[],"class_list":{"0":"post-1765","1":"post","2":"type-post","3":"status-publish","4":"format-standard","5":"has-post-thumbnail","7":"category-politica"},"aioseo_notices":[],"_links":{"self":[{"href":"https:\/\/ilsovranista.com\/index.php?rest_route=\/wp\/v2\/posts\/1765","targetHints":{"allow":["GET"]}}],"collection":[{"href":"https:\/\/ilsovranista.com\/index.php?rest_route=\/wp\/v2\/posts"}],"about":[{"href":"https:\/\/ilsovranista.com\/index.php?rest_route=\/wp\/v2\/types\/post"}],"author":[{"embeddable":true,"href":"https:\/\/ilsovranista.com\/index.php?rest_route=\/wp\/v2\/users\/3"}],"replies":[{"embeddable":true,"href":"https:\/\/ilsovranista.com\/index.php?rest_route=%2Fwp%2Fv2%2Fcomments&post=1765"}],"version-history":[{"count":1,"href":"https:\/\/ilsovranista.com\/index.php?rest_route=\/wp\/v2\/posts\/1765\/revisions"}],"predecessor-version":[{"id":1767,"href":"https:\/\/ilsovranista.com\/index.php?rest_route=\/wp\/v2\/posts\/1765\/revisions\/1767"}],"wp:featuredmedia":[{"embeddable":true,"href":"https:\/\/ilsovranista.com\/index.php?rest_route=\/wp\/v2\/media\/1766"}],"wp:attachment":[{"href":"https:\/\/ilsovranista.com\/index.php?rest_route=%2Fwp%2Fv2%2Fmedia&parent=1765"}],"wp:term":[{"taxonomy":"category","embeddable":true,"href":"https:\/\/ilsovranista.com\/index.php?rest_route=%2Fwp%2Fv2%2Fcategories&post=1765"},{"taxonomy":"post_tag","embeddable":true,"href":"https:\/\/ilsovranista.com\/index.php?rest_route=%2Fwp%2Fv2%2Ftags&post=1765"}],"curies":[{"name":"wp","href":"https:\/\/api.w.org\/{rel}","templated":true}]}}