{"id":1754,"date":"2025-02-14T21:48:37","date_gmt":"2025-02-14T20:48:37","guid":{"rendered":"https:\/\/ilsovranista.com\/?p=1754"},"modified":"2025-02-14T22:04:21","modified_gmt":"2025-02-14T21:04:21","slug":"murelli-lega-la-regione-emilia-aumenta-le-tasse-ma-non-spende-i-fondi-stanziati-per-la-sanita","status":"publish","type":"post","link":"https:\/\/ilsovranista.com\/?p=1754","title":{"rendered":"Murelli (Lega): la Regione Emilia aumenta le tasse ma non spende i fondi stanziati per la sanit\u00e0"},"content":{"rendered":"<p>&#8220;E&#8217; facile mettere nuove imposte e chiamarle \u201ctasse di scopo\u201d in nome della sanit\u00e0 garantita per tutti. E tutto questo dicendo ai cittadini che la colpa \u00e8 di un governo cattivo che non d\u00e0 soldi alle Regioni. Come al solito, la sinistra anzich\u00e9 vedere come vengono spesi le risorse e come funzionano le Asl, preferisce tassare nel nome di un demagogico \u201cnoi stiamo dalla parte dei pi\u00f9 deboli\u201d. Ricordo solo che la legge di Bilancio 2025 prevede che il finanziamento del Servizio sanitario nazionale passer\u00e0 dai 136,5 miliardi del 2025 ai 141,3 miliardi del 2027. Cifra mai stanziata prima&#8221;. Lo afferma\u00a0<strong> Elena Murell<\/strong>i, capogruppo della Lega in commissione Lavoro e sanit\u00e0, dopo la presentazione del bilancio preventivo della Regione Emilia-Romagna da parte del presidente Michele De Pascale.<\/p>\n<p>Secondo il senatore leghista, &#8220;\u00e8 positivo che la nostra sia la Regione che destina la cifra pi\u00f9 alta d\u2019Italia alle persone non autosufficienti, ma ci sono alcuni punti mai chiariti. Ad esempio, nel febbraio 2024 la Lega, con l\u2019ex consigliere Daniele Marchetti, aveva sottolineato in Assemblea che dall\u2019ultima rendicontazione sull\u2019utilizzo del Fondo regionale per la non autosufficienza per il 2022 emerge che non sono stati utilizzati circa 35 milioni di euro, una questione non risolta nemmeno a seguito dell\u2019integrazione di 18 milioni di euro stabilita nella variazione di bilancio regionale. Marchetti, a fine legislatura, chiese dati pi\u00f9 aggiornati ma non ho mai avuto risposta&#8221;.<\/p>\n<p>La senatrice, poi, ricorda anche che la Regione ha aumentato, \u00abdi circa 1.500 euro l\u2019anno\u00bb, le rette per le Case residenza anziani e per i Centro socio-riabilitativi per persone con disabilita\u0300. Murelli, infine, rimette nel mirino anche la spesa delle singole Asl chiedendo a De Pascale \u00abcome intenda controllare i costi essendo oggetto di delibere regionali precedenti, ma nulla \u00e8 poi stato attuato, sempre considerando che la legge di Bilancio 2025 prevede un potenziamento del monitoraggio della spesa\u00bb.<\/p>\n<p>&nbsp;<\/p>\n","protected":false},"excerpt":{"rendered":"<p>&#8220;E&#8217; facile mettere nuove imposte e chiamarle \u201ctasse di scopo\u201d in nome della sanit\u00e0 garantita per tutti. E tutto questo dicendo ai cittadini che la colpa \u00e8 di un governo cattivo che non d\u00e0 soldi alle Regioni. Come al solito, la sinistra anzich\u00e9 vedere come vengono spesi le risorse e come funzionano le Asl, preferisce [&hellip;]<\/p>\n","protected":false},"author":3,"featured_media":1755,"comment_status":"open","ping_status":"closed","sticky":false,"template":"","format":"standard","meta":{"om_disable_all_campaigns":false,"_monsterinsights_skip_tracking":false,"_monsterinsights_sitenote_active":false,"_monsterinsights_sitenote_note":"","_monsterinsights_sitenote_category":0,"_uf_show_specific_survey":0,"_uf_disable_surveys":false,"footnotes":""},"categories":[36],"tags":[],"class_list":{"0":"post-1754","1":"post","2":"type-post","3":"status-publish","4":"format-standard","5":"has-post-thumbnail","7":"category-prima-i-territori"},"aioseo_notices":[],"_links":{"self":[{"href":"https:\/\/ilsovranista.com\/index.php?rest_route=\/wp\/v2\/posts\/1754","targetHints":{"allow":["GET"]}}],"collection":[{"href":"https:\/\/ilsovranista.com\/index.php?rest_route=\/wp\/v2\/posts"}],"about":[{"href":"https:\/\/ilsovranista.com\/index.php?rest_route=\/wp\/v2\/types\/post"}],"author":[{"embeddable":true,"href":"https:\/\/ilsovranista.com\/index.php?rest_route=\/wp\/v2\/users\/3"}],"replies":[{"embeddable":true,"href":"https:\/\/ilsovranista.com\/index.php?rest_route=%2Fwp%2Fv2%2Fcomments&post=1754"}],"version-history":[{"count":2,"href":"https:\/\/ilsovranista.com\/index.php?rest_route=\/wp\/v2\/posts\/1754\/revisions"}],"predecessor-version":[{"id":1764,"href":"https:\/\/ilsovranista.com\/index.php?rest_route=\/wp\/v2\/posts\/1754\/revisions\/1764"}],"wp:featuredmedia":[{"embeddable":true,"href":"https:\/\/ilsovranista.com\/index.php?rest_route=\/wp\/v2\/media\/1755"}],"wp:attachment":[{"href":"https:\/\/ilsovranista.com\/index.php?rest_route=%2Fwp%2Fv2%2Fmedia&parent=1754"}],"wp:term":[{"taxonomy":"category","embeddable":true,"href":"https:\/\/ilsovranista.com\/index.php?rest_route=%2Fwp%2Fv2%2Fcategories&post=1754"},{"taxonomy":"post_tag","embeddable":true,"href":"https:\/\/ilsovranista.com\/index.php?rest_route=%2Fwp%2Fv2%2Ftags&post=1754"}],"curies":[{"name":"wp","href":"https:\/\/api.w.org\/{rel}","templated":true}]}}