{"id":1745,"date":"2025-02-14T21:34:41","date_gmt":"2025-02-14T20:34:41","guid":{"rendered":"https:\/\/ilsovranista.com\/?p=1745"},"modified":"2025-02-14T21:39:27","modified_gmt":"2025-02-14T20:39:27","slug":"avanguardia-torino-la-storia-non-si-infoiba","status":"publish","type":"post","link":"https:\/\/ilsovranista.com\/?p=1745","title":{"rendered":"Avanguardia Torino: la storia non si infoiba"},"content":{"rendered":"<div class=\"t pg-1m0 pg-1x1 pg-1h2 pg-1y2 pg-1ff1 pg-1fs0 pg-1fc0 pg-1sc0 pg-1ls0 pg-1ws0\"><\/div>\n<div class=\"t pg-1m0 pg-1x5 pg-1h4 pg-1y7 pg-1ff3 pg-1fs2 pg-1fc0 pg-1sc0 pg-1ls0 pg-1ws0\">&#8220;La verit\u00e0 non si infoiba&#8221;. Questo \u00e8 lo slogan, scritto su uno striscione, con cui i militanti di Avanguardia Torino si sono presentati nella giornata di oggi presso il Polo del &#8216;900 dove era in programma un convegno dal titolo &#8220;l&#8217;importante contributo dell&#8217;esercito jugoslavo per la nostra libert\u00e0 nell&#8217;Europa occupata.<\/div>\n<div class=\"t pg-1m0 pg-1x5 pg-1h4 pg-1ya pg-1ff3 pg-1fs2 pg-1fc0 pg-1sc0 pg-1ls0 pg-1ws0\"><\/div>\n<div class=\"t pg-1m0 pg-1x5 pg-1h4 pg-1yb pg-1ff3 pg-1fs2 pg-1fc0 pg-1sc0 pg-1ls0 pg-1ws0\">&#8220;Ci sentiamo in dovere, precisa Avanguardia, di essere qua oggi per difendere la memoria dei nostri connazionali giuliani, istriani e dalmati.&#8221;<\/div>\n<div class=\"t pg-1m0 pg-1x5 pg-1h4 pg-1yd pg-1ff3 pg-1fs2 pg-1fc0 pg-1sc0 pg-1ls0 pg-1ws0\"><\/div>\n<div class=\"t pg-1m0 pg-1x5 pg-1h4 pg-1ye pg-1ff3 pg-1fs2 pg-1fc0 pg-1sc0 pg-1ls0 pg-1ws0\">&#8220;\u00c8 inaccettabile che, a distanza di 80 anni dal dramma delle Foibe e dell&#8217;Esodo- prosegue il portavoce di Avanguardia- si ospitino, con tanto di finanziamenti pubblici, eventi spudoratamente negazionisti su quello che \u00e8 stato a tutti gli effetti un genocidio subito dal nostro popolo, un atto di pulizia etnica perpetrato dalle forze partigiane ai<\/div>\n<div class=\"t pg-1m0 pg-1x5 pg-1h4 pg-1y12 pg-1ff3 pg-1fs2 pg-1fc0 pg-1sc0 pg-1ls0 pg-1ws0\">danni di chi non voleva smettere di essere italiano&#8221;<\/div>\n<div class=\"t pg-1m0 pg-1x5 pg-1h4 pg-1y13 pg-1ff3 pg-1fs2 pg-1fc0 pg-1sc0 pg-1ls0 pg-1ws0\"><\/div>\n<div class=\"t pg-1m0 pg-1x5 pg-1h4 pg-1y14 pg-1ff3 pg-1fs2 pg-1fc0 pg-1sc0 pg-1ls0 pg-1ws0\">&#8220;In contemporanea con il nostro blitz -prosegue Avanguardia- stava infatti iniziando un incontro vergognoso, tenuto da sedicenti storici politicamente schierati dal lato di Tito, il boia dei nostri connazionali, patrocinato dall&#8217;Anpi, ente anti-<span class=\"pg-1ls1\">ita<\/span>liano per eccellenza<\/div>\n<div class=\"t pg-1m0 pg-1x5 pg-1h4 pg-1y17 pg-1ff3 pg-1fs2 pg-1fc0 pg-1sc0 pg-1ls0 pg-1ws0\">e lautamente finanziato dallo Stato. La locandina dell&#8217;evento spudoratamente parlava di&#8221; dibattito&#8221; su un genocidio inventato (!)&#8221;<\/div>\n<div class=\"t pg-1m0 pg-1x5 pg-1h4 pg-1y19 pg-1ff3 pg-1fs2 pg-1fc0 pg-1sc0 pg-1ls0 pg-1ws0\"><\/div>\n<div class=\"t pg-1m0 pg-1x5 pg-1h4 pg-1y1a pg-1ff3 pg-1fs2 pg-1fc0 pg-1sc0 pg-1ls0 pg-1ws0\">&#8220;Ironia della sorte, durante il presidio compare la figura che per antonomasia rappresenta la vergognosa posizione della sinistra post-comunista italiana sul tema: Eric Gobetti, dichiaratamente negazionista e ammiratore di Tito. Gi\u00e0 contestato dal nostro movimento la scorsa settimana, oggi si \u00e8 sottratto alla possibilit\u00e0 di un confronto, preferendo insultare per poi rifugiarsi tra i suoi sodali nel Polo del &#8216;900&#8221;<\/div>\n<div class=\"t pg-1m0 pg-1x5 pg-1h4 pg-1y1f pg-1ff3 pg-1fs2 pg-1fc0 pg-1sc0 pg-1ls0 pg-1ws0\">Prosegue il portavoce di avanguardia, che conclude:<\/div>\n<div class=\"t pg-1m0 pg-1x5 pg-1h4 pg-1y21 pg-1ff3 pg-1fs2 pg-1fc0 pg-1sc0 pg-1ls0 pg-1ws0\">&#8220;Tutto questo \u00e8 inaccettabile, da parte nostra non potr\u00e0 mai mancare la contestazione a eventi del genere che insultano la memoria dei martiri del confine orientale.<\/div>\n","protected":false},"excerpt":{"rendered":"<p>&#8220;La verit\u00e0 non si infoiba&#8221;. Questo \u00e8 lo slogan, scritto su uno striscione, con cui i militanti di Avanguardia Torino si sono presentati nella giornata di oggi presso il Polo del &#8216;900 dove era in programma un convegno dal titolo &#8220;l&#8217;importante contributo dell&#8217;esercito jugoslavo per la nostra libert\u00e0 nell&#8217;Europa occupata. &#8220;Ci sentiamo in dovere, precisa [&hellip;]<\/p>\n","protected":false},"author":3,"featured_media":1746,"comment_status":"open","ping_status":"closed","sticky":false,"template":"","format":"standard","meta":{"om_disable_all_campaigns":false,"_monsterinsights_skip_tracking":false,"_monsterinsights_sitenote_active":false,"_monsterinsights_sitenote_note":"","_monsterinsights_sitenote_category":0,"_uf_show_specific_survey":0,"_uf_disable_surveys":false,"footnotes":""},"categories":[36],"tags":[],"class_list":{"0":"post-1745","1":"post","2":"type-post","3":"status-publish","4":"format-standard","5":"has-post-thumbnail","7":"category-prima-i-territori"},"aioseo_notices":[],"_links":{"self":[{"href":"https:\/\/ilsovranista.com\/index.php?rest_route=\/wp\/v2\/posts\/1745","targetHints":{"allow":["GET"]}}],"collection":[{"href":"https:\/\/ilsovranista.com\/index.php?rest_route=\/wp\/v2\/posts"}],"about":[{"href":"https:\/\/ilsovranista.com\/index.php?rest_route=\/wp\/v2\/types\/post"}],"author":[{"embeddable":true,"href":"https:\/\/ilsovranista.com\/index.php?rest_route=\/wp\/v2\/users\/3"}],"replies":[{"embeddable":true,"href":"https:\/\/ilsovranista.com\/index.php?rest_route=%2Fwp%2Fv2%2Fcomments&post=1745"}],"version-history":[{"count":2,"href":"https:\/\/ilsovranista.com\/index.php?rest_route=\/wp\/v2\/posts\/1745\/revisions"}],"predecessor-version":[{"id":1750,"href":"https:\/\/ilsovranista.com\/index.php?rest_route=\/wp\/v2\/posts\/1745\/revisions\/1750"}],"wp:featuredmedia":[{"embeddable":true,"href":"https:\/\/ilsovranista.com\/index.php?rest_route=\/wp\/v2\/media\/1746"}],"wp:attachment":[{"href":"https:\/\/ilsovranista.com\/index.php?rest_route=%2Fwp%2Fv2%2Fmedia&parent=1745"}],"wp:term":[{"taxonomy":"category","embeddable":true,"href":"https:\/\/ilsovranista.com\/index.php?rest_route=%2Fwp%2Fv2%2Fcategories&post=1745"},{"taxonomy":"post_tag","embeddable":true,"href":"https:\/\/ilsovranista.com\/index.php?rest_route=%2Fwp%2Fv2%2Ftags&post=1745"}],"curies":[{"name":"wp","href":"https:\/\/api.w.org\/{rel}","templated":true}]}}