{"id":1731,"date":"2025-02-14T05:22:26","date_gmt":"2025-02-14T04:22:26","guid":{"rendered":"https:\/\/ilsovranista.com\/?p=1731"},"modified":"2025-02-14T05:22:26","modified_gmt":"2025-02-14T04:22:26","slug":"aumento-delle-spese-militari-bonelli-attacca-crosetto-cosi-si-ruba-il-futuro-ai-nostri-figli","status":"publish","type":"post","link":"https:\/\/ilsovranista.com\/?p=1731","title":{"rendered":"Aumento delle spese militari, Bonelli attacca Crosetto: cosi si ruba il futuro ai nostri figli"},"content":{"rendered":"<p>&#8220;Dico al ministro <strong>Crosetto<\/strong> che l\u2019aumento delle spese per armamenti, addirittura fino al 3%, ruba il futuro ai nostri figli. Ruba risorse alla sanit\u00e0, alla scuola, ai trasporti. L\u2019aumento delle spese per le armi non ci render\u00e0 pi\u00f9 sicuri, ma alimenter\u00e0 conflitti e guerre, come la storia dimostra&#8221;. Cos\u00ec <strong>Angelo Bonelli<\/strong>, deputato di Alleanza Verdi e Sinistra\u00a0 e co-portavoce di Europa Verde, in merito alle dichiarazioni di Crosetto sull&#8217;aumento delle spese militari.<\/p>\n","protected":false},"excerpt":{"rendered":"<p>&#8220;Dico al ministro Crosetto che l\u2019aumento delle spese per armamenti, addirittura fino al 3%, ruba il futuro ai nostri figli. Ruba risorse alla sanit\u00e0, alla scuola, ai trasporti. L\u2019aumento delle spese per le armi non ci render\u00e0 pi\u00f9 sicuri, ma alimenter\u00e0 conflitti e guerre, come la storia dimostra&#8221;. Cos\u00ec Angelo Bonelli, deputato di Alleanza Verdi [&hellip;]<\/p>\n","protected":false},"author":3,"featured_media":1732,"comment_status":"open","ping_status":"closed","sticky":false,"template":"","format":"standard","meta":{"om_disable_all_campaigns":false,"_monsterinsights_skip_tracking":false,"_monsterinsights_sitenote_active":false,"_monsterinsights_sitenote_note":"","_monsterinsights_sitenote_category":0,"_uf_show_specific_survey":0,"_uf_disable_surveys":false,"footnotes":""},"categories":[33],"tags":[],"class_list":{"0":"post-1731","1":"post","2":"type-post","3":"status-publish","4":"format-standard","5":"has-post-thumbnail","7":"category-politica"},"aioseo_notices":[],"_links":{"self":[{"href":"https:\/\/ilsovranista.com\/index.php?rest_route=\/wp\/v2\/posts\/1731","targetHints":{"allow":["GET"]}}],"collection":[{"href":"https:\/\/ilsovranista.com\/index.php?rest_route=\/wp\/v2\/posts"}],"about":[{"href":"https:\/\/ilsovranista.com\/index.php?rest_route=\/wp\/v2\/types\/post"}],"author":[{"embeddable":true,"href":"https:\/\/ilsovranista.com\/index.php?rest_route=\/wp\/v2\/users\/3"}],"replies":[{"embeddable":true,"href":"https:\/\/ilsovranista.com\/index.php?rest_route=%2Fwp%2Fv2%2Fcomments&post=1731"}],"version-history":[{"count":1,"href":"https:\/\/ilsovranista.com\/index.php?rest_route=\/wp\/v2\/posts\/1731\/revisions"}],"predecessor-version":[{"id":1733,"href":"https:\/\/ilsovranista.com\/index.php?rest_route=\/wp\/v2\/posts\/1731\/revisions\/1733"}],"wp:featuredmedia":[{"embeddable":true,"href":"https:\/\/ilsovranista.com\/index.php?rest_route=\/wp\/v2\/media\/1732"}],"wp:attachment":[{"href":"https:\/\/ilsovranista.com\/index.php?rest_route=%2Fwp%2Fv2%2Fmedia&parent=1731"}],"wp:term":[{"taxonomy":"category","embeddable":true,"href":"https:\/\/ilsovranista.com\/index.php?rest_route=%2Fwp%2Fv2%2Fcategories&post=1731"},{"taxonomy":"post_tag","embeddable":true,"href":"https:\/\/ilsovranista.com\/index.php?rest_route=%2Fwp%2Fv2%2Ftags&post=1731"}],"curies":[{"name":"wp","href":"https:\/\/api.w.org\/{rel}","templated":true}]}}