{"id":1711,"date":"2025-02-13T20:17:44","date_gmt":"2025-02-13T19:17:44","guid":{"rendered":"https:\/\/ilsovranista.com\/?p=1711"},"modified":"2025-02-13T20:17:44","modified_gmt":"2025-02-13T19:17:44","slug":"salario-minimo-ricchiuti-fdi-le-proposte-della-sinistra-sono-ridicole","status":"publish","type":"post","link":"https:\/\/ilsovranista.com\/?p=1711","title":{"rendered":"Salario minimo, Ricchiuti (FdI): le proposte della sinistra sono ridicole"},"content":{"rendered":"<p>\u201cOrmai le proposte della sinistra rasentano il ridicolo. Non si comprende mai se stanno scherzando, o se fanno sul serio. L\u2019ultima, in ordine di scaletta, \u00e8 quella del quartetto <strong>Conte<\/strong>, <strong>Schlein<\/strong>, <strong>Fratoianni<\/strong>, <strong>Bonelli<\/strong> con la proposta di ridurre l\u2019orario di lavoro a parit\u00e0 di salario. Quindi in ordine vogliono imporre il salario minimo e diminuire le giornate di lavoro a parit\u00e0 di salario, soluzioni che dipendono dall\u2019economia reale di ogni impresa e che dovrebbero riguardare la libert\u00e0 di azione degli imprenditori. Altrimenti si genera solo disoccupazione e lavoro nero. Ma la sinistra, si sa, agisce sempre con presunzione, ideologia e distacco dalla realt\u00e0. Evidentemente essendo in seria difficolt\u00e0 hanno ripreso un vecchio slogan del loro padre nobile: \u2018Lavoreremo un giorno di meno guadagnando come se lavorassimo un giorno di pi\u00f9\u2019. Ma sappiamo tutti come \u00e8 andata. A meno che il fine non sia che la settimana corta serva per anticipare lo sciopero di taluni sindacati al gioved\u00ec e cos\u00ec fare un bel weekend lungo e allora \u00e8 comprensibile\u201d<\/p>\n<p>Lo dichiara <strong>Lino Ricchiuti,<\/strong> vice responsabile nazionale del Dipartimento Imprese e mondi produttivi di Fratelli d\u2019Italia.<\/p>\n","protected":false},"excerpt":{"rendered":"<p>\u201cOrmai le proposte della sinistra rasentano il ridicolo. Non si comprende mai se stanno scherzando, o se fanno sul serio. L\u2019ultima, in ordine di scaletta, \u00e8 quella del quartetto Conte, Schlein, Fratoianni, Bonelli con la proposta di ridurre l\u2019orario di lavoro a parit\u00e0 di salario. Quindi in ordine vogliono imporre il salario minimo e diminuire [&hellip;]<\/p>\n","protected":false},"author":3,"featured_media":1712,"comment_status":"open","ping_status":"closed","sticky":false,"template":"","format":"standard","meta":{"om_disable_all_campaigns":false,"_monsterinsights_skip_tracking":false,"_monsterinsights_sitenote_active":false,"_monsterinsights_sitenote_note":"","_monsterinsights_sitenote_category":0,"_uf_show_specific_survey":0,"_uf_disable_surveys":false,"footnotes":""},"categories":[33],"tags":[47,496,494,493,495],"class_list":{"0":"post-1711","1":"post","2":"type-post","3":"status-publish","4":"format-standard","5":"has-post-thumbnail","7":"category-politica","8":"tag-fratelliditalia","9":"tag-linoricchiuti","10":"tag-propostesinistra","11":"tag-salariominimo","12":"tag-ridicole"},"aioseo_notices":[],"_links":{"self":[{"href":"https:\/\/ilsovranista.com\/index.php?rest_route=\/wp\/v2\/posts\/1711","targetHints":{"allow":["GET"]}}],"collection":[{"href":"https:\/\/ilsovranista.com\/index.php?rest_route=\/wp\/v2\/posts"}],"about":[{"href":"https:\/\/ilsovranista.com\/index.php?rest_route=\/wp\/v2\/types\/post"}],"author":[{"embeddable":true,"href":"https:\/\/ilsovranista.com\/index.php?rest_route=\/wp\/v2\/users\/3"}],"replies":[{"embeddable":true,"href":"https:\/\/ilsovranista.com\/index.php?rest_route=%2Fwp%2Fv2%2Fcomments&post=1711"}],"version-history":[{"count":1,"href":"https:\/\/ilsovranista.com\/index.php?rest_route=\/wp\/v2\/posts\/1711\/revisions"}],"predecessor-version":[{"id":1713,"href":"https:\/\/ilsovranista.com\/index.php?rest_route=\/wp\/v2\/posts\/1711\/revisions\/1713"}],"wp:featuredmedia":[{"embeddable":true,"href":"https:\/\/ilsovranista.com\/index.php?rest_route=\/wp\/v2\/media\/1712"}],"wp:attachment":[{"href":"https:\/\/ilsovranista.com\/index.php?rest_route=%2Fwp%2Fv2%2Fmedia&parent=1711"}],"wp:term":[{"taxonomy":"category","embeddable":true,"href":"https:\/\/ilsovranista.com\/index.php?rest_route=%2Fwp%2Fv2%2Fcategories&post=1711"},{"taxonomy":"post_tag","embeddable":true,"href":"https:\/\/ilsovranista.com\/index.php?rest_route=%2Fwp%2Fv2%2Ftags&post=1711"}],"curies":[{"name":"wp","href":"https:\/\/api.w.org\/{rel}","templated":true}]}}