{"id":1700,"date":"2025-02-12T19:40:32","date_gmt":"2025-02-12T18:40:32","guid":{"rendered":"https:\/\/ilsovranista.com\/?p=1700"},"modified":"2025-02-12T19:40:32","modified_gmt":"2025-02-12T18:40:32","slug":"la-lega-allattacco-contro-il-patto-per-il-nord-dei-dissidenti-tessere-incompatibili","status":"publish","type":"post","link":"https:\/\/ilsovranista.com\/?p=1700","title":{"rendered":"La Lega all&#8217;attacco contro il Patto per il Nord dei dissidenti: &#8220;tessere incompatibili&#8221;"},"content":{"rendered":"<p>L&#8217; scrizione alla Lega e al Patto per il Nord sono incompatibili, almeno per la Lega. Lo ha deciso il consiglio federale del partito di Matteo Salvini, riunitosi mercoled\u00ec 12 febbraio. L&#8217;unico contrario all&#8217;incompatibilit\u00e0 \u00e8 stato <strong>Massimiliano Romeo<\/strong>, presidente dei senatori leghisti e da poco segretario del partito in Lombardia. Secondo i &#8220;bene informati&#8221;, Romeo avrebbe spiegato che l&#8217;incompatibilit\u00e0 delle tessere avrebbe avuto, come effetto, il rischio di perdere qualche storico militante dando &#8220;importanza a una associazione che non ne ha&#8221;.<\/p>\n<div data-move=\"\" data-move--destination=\"[data-content--body]\" data-move--destination-closest=\"\" data-move--destination-position=\"15%\" data-move--destination-distance=\"10%\" data-move--internal-processed=\"\">\n<div class=\"slot slot-intext-0\">\n<div>D&#8217;ora in poi, quindi, coloro che sono iscritti a entrambi i soggetti dovranno fare una scelta. L&#8217;associazione P<strong>atto per il Nord<\/strong> \u00e8 stata fondata dall&#8217;ex esponente della Lega <strong>Paolo Grimoldi<\/strong> insieme ad altri leghisti dissidenti. Tra i fondatori figurano <strong>Giuseppe Leoni<\/strong>, primo deputato della Lega Lombarda nel 1987 (lo stesso anno in cui Umberto Bossi fu eletto in Senato). E poi gli ex ministri <strong>Giancarlo Pagliarini<\/strong> e <strong>Roberto Castelli<\/strong>. Mai ufficializzata l&#8217;adesione, invece, di Bossi, che per\u00f2, secondo i fondatori, \u00e8 sulla loro stessa linea.<\/div>\n<\/div>\n<\/div>\n<div data-move=\"\" data-move--destination=\"[data-content--body]\" data-move--destination-closest=\"\" data-move--destination-position=\"55%\" data-move--destination-distance=\"30%\" data-move--internal-processed=\"\">\n<div class=\"slot slot-story-5\">\n<div>\n<div id=\"ADy97dc92ly9s1vcudxq8warb6bj0s5gpwv\" data-ad--node=\"ADy97dc92ly9s1vcudxq8warb6bj0s5gpwv\">\n<div id=\"google_ads_iframe_\/19024562\/Native_in_text_0\"><\/div>\n<\/div>\n<\/div>\n<\/div>\n<\/div>\n<p>A giugno 2024, Paolo Grimoldi fu\u00a0espulso\u00a0dalla Lega. Poche settimane prima, nel weekend delle elezioni europee, aveva dichiarato che <strong>Umberto Boss<\/strong>i gli aveva chiesto di riferire che lui avrebbe votato per Forza Italia e per l&#8217;ex leghista <strong>Marco Reguzzoni,<\/strong> candidato con gli azzurri: la classica goccia che ha fatto traboccare il vaso dopo mesi di insofferenza da parte di <strong>Grimoldi,<\/strong> che nei mesi precedenti aveva scritto (insieme ad altri) una lettera aperta a Matteo Salvini per chiedergli di non candidare, alle stesse elezioni europee, il generale Roberto Vannacci (poi eletto).<\/p>\n<p>&nbsp;<\/p>\n","protected":false},"excerpt":{"rendered":"<p>L&#8217; scrizione alla Lega e al Patto per il Nord sono incompatibili, almeno per la Lega. Lo ha deciso il consiglio federale del partito di Matteo Salvini, riunitosi mercoled\u00ec 12 febbraio. L&#8217;unico contrario all&#8217;incompatibilit\u00e0 \u00e8 stato Massimiliano Romeo, presidente dei senatori leghisti e da poco segretario del partito in Lombardia. Secondo i &#8220;bene informati&#8221;, Romeo [&hellip;]<\/p>\n","protected":false},"author":3,"featured_media":1676,"comment_status":"open","ping_status":"closed","sticky":false,"template":"","format":"standard","meta":{"om_disable_all_campaigns":false,"_monsterinsights_skip_tracking":false,"_monsterinsights_sitenote_active":false,"_monsterinsights_sitenote_note":"","_monsterinsights_sitenote_category":0,"_uf_show_specific_survey":0,"_uf_disable_surveys":false,"footnotes":""},"categories":[33,1],"tags":[],"class_list":{"0":"post-1700","1":"post","2":"type-post","3":"status-publish","4":"format-standard","5":"has-post-thumbnail","7":"category-politica","8":"category-senza-categoria"},"aioseo_notices":[],"_links":{"self":[{"href":"https:\/\/ilsovranista.com\/index.php?rest_route=\/wp\/v2\/posts\/1700","targetHints":{"allow":["GET"]}}],"collection":[{"href":"https:\/\/ilsovranista.com\/index.php?rest_route=\/wp\/v2\/posts"}],"about":[{"href":"https:\/\/ilsovranista.com\/index.php?rest_route=\/wp\/v2\/types\/post"}],"author":[{"embeddable":true,"href":"https:\/\/ilsovranista.com\/index.php?rest_route=\/wp\/v2\/users\/3"}],"replies":[{"embeddable":true,"href":"https:\/\/ilsovranista.com\/index.php?rest_route=%2Fwp%2Fv2%2Fcomments&post=1700"}],"version-history":[{"count":1,"href":"https:\/\/ilsovranista.com\/index.php?rest_route=\/wp\/v2\/posts\/1700\/revisions"}],"predecessor-version":[{"id":1702,"href":"https:\/\/ilsovranista.com\/index.php?rest_route=\/wp\/v2\/posts\/1700\/revisions\/1702"}],"wp:featuredmedia":[{"embeddable":true,"href":"https:\/\/ilsovranista.com\/index.php?rest_route=\/wp\/v2\/media\/1676"}],"wp:attachment":[{"href":"https:\/\/ilsovranista.com\/index.php?rest_route=%2Fwp%2Fv2%2Fmedia&parent=1700"}],"wp:term":[{"taxonomy":"category","embeddable":true,"href":"https:\/\/ilsovranista.com\/index.php?rest_route=%2Fwp%2Fv2%2Fcategories&post=1700"},{"taxonomy":"post_tag","embeddable":true,"href":"https:\/\/ilsovranista.com\/index.php?rest_route=%2Fwp%2Fv2%2Ftags&post=1700"}],"curies":[{"name":"wp","href":"https:\/\/api.w.org\/{rel}","templated":true}]}}