{"id":1689,"date":"2025-02-12T19:07:50","date_gmt":"2025-02-12T18:07:50","guid":{"rendered":"https:\/\/ilsovranista.com\/?p=1689"},"modified":"2025-02-12T19:07:50","modified_gmt":"2025-02-12T18:07:50","slug":"governo-cerreto-fdi-agricoltura-ambiente-e-sostenibilita-in-cima-ad-agenda-meloni","status":"publish","type":"post","link":"https:\/\/ilsovranista.com\/?p=1689","title":{"rendered":"Governo, Cerreto (Fdi): agricoltura, ambiente e sostenibilit\u00e0 in cima ad agenda Meloni"},"content":{"rendered":"<p>\u201cL\u2019iniziativa editoriale <strong>Pagine Libere<\/strong> portata avanti da <strong>Edizioni Sindacali<\/strong> \u00e8 encomiabile, e ancor di pi\u00f9 lo \u00e8 l\u2019ultimo numero <strong>\u201cMadre Terra\u201d<\/strong> a tema agricolo e ambientale. Presentare questa rivista \u00e8 ogni volta uno stimolo intellettuale e politico. Tanti i punti di vista che si incontrano, tante le visioni che convergono. Questo tomo, poi, tratta di tematiche pi\u00f9 centrali che mai nel panorama politico italiano. Agricoltura, ambiente e sostenibilit\u00e0 sono in cima alle agende politiche di tutti i governi del mondo. Per il Governo Meloni queste sono tematiche prioritarie, e lo sta dimostrando quotidianamente.\u201d<\/p>\n<p>Lo dichiara <strong>Marco Cerreto<\/strong>, deputato di Fratelli d\u2019Italia e Capogruppo in commissione agricoltura a margine della presentazione del tomo \u2018Madre Terra\u2019 di Pagine Libere, avvenuta questo pomeriggio presso la Sala Tatarella al Palazzo dei Gruppi parlamentari.<\/p>\n","protected":false},"excerpt":{"rendered":"<p>\u201cL\u2019iniziativa editoriale Pagine Libere portata avanti da Edizioni Sindacali \u00e8 encomiabile, e ancor di pi\u00f9 lo \u00e8 l\u2019ultimo numero \u201cMadre Terra\u201d a tema agricolo e ambientale. Presentare questa rivista \u00e8 ogni volta uno stimolo intellettuale e politico. Tanti i punti di vista che si incontrano, tante le visioni che convergono. Questo tomo, poi, tratta di [&hellip;]<\/p>\n","protected":false},"author":3,"featured_media":1690,"comment_status":"open","ping_status":"closed","sticky":false,"template":"","format":"standard","meta":{"om_disable_all_campaigns":false,"_monsterinsights_skip_tracking":false,"_monsterinsights_sitenote_active":false,"_monsterinsights_sitenote_note":"","_monsterinsights_sitenote_category":0,"_uf_show_specific_survey":0,"_uf_disable_surveys":false,"footnotes":""},"categories":[33],"tags":[485,45,483,486,218,441,484],"class_list":{"0":"post-1689","1":"post","2":"type-post","3":"status-publish","4":"format-standard","5":"has-post-thumbnail","7":"category-politica","8":"tag-agenda","9":"tag-agricoltura","10":"tag-ambiente","11":"tag-fratelliditialia","12":"tag-governomeloni","13":"tag-marcocerreto","14":"tag-sostenibilita"},"aioseo_notices":[],"_links":{"self":[{"href":"https:\/\/ilsovranista.com\/index.php?rest_route=\/wp\/v2\/posts\/1689","targetHints":{"allow":["GET"]}}],"collection":[{"href":"https:\/\/ilsovranista.com\/index.php?rest_route=\/wp\/v2\/posts"}],"about":[{"href":"https:\/\/ilsovranista.com\/index.php?rest_route=\/wp\/v2\/types\/post"}],"author":[{"embeddable":true,"href":"https:\/\/ilsovranista.com\/index.php?rest_route=\/wp\/v2\/users\/3"}],"replies":[{"embeddable":true,"href":"https:\/\/ilsovranista.com\/index.php?rest_route=%2Fwp%2Fv2%2Fcomments&post=1689"}],"version-history":[{"count":1,"href":"https:\/\/ilsovranista.com\/index.php?rest_route=\/wp\/v2\/posts\/1689\/revisions"}],"predecessor-version":[{"id":1691,"href":"https:\/\/ilsovranista.com\/index.php?rest_route=\/wp\/v2\/posts\/1689\/revisions\/1691"}],"wp:featuredmedia":[{"embeddable":true,"href":"https:\/\/ilsovranista.com\/index.php?rest_route=\/wp\/v2\/media\/1690"}],"wp:attachment":[{"href":"https:\/\/ilsovranista.com\/index.php?rest_route=%2Fwp%2Fv2%2Fmedia&parent=1689"}],"wp:term":[{"taxonomy":"category","embeddable":true,"href":"https:\/\/ilsovranista.com\/index.php?rest_route=%2Fwp%2Fv2%2Fcategories&post=1689"},{"taxonomy":"post_tag","embeddable":true,"href":"https:\/\/ilsovranista.com\/index.php?rest_route=%2Fwp%2Fv2%2Ftags&post=1689"}],"curies":[{"name":"wp","href":"https:\/\/api.w.org\/{rel}","templated":true}]}}