{"id":1684,"date":"2025-02-12T19:01:53","date_gmt":"2025-02-12T18:01:53","guid":{"rendered":"https:\/\/ilsovranista.com\/?p=1684"},"modified":"2025-02-12T19:03:56","modified_gmt":"2025-02-12T18:03:56","slug":"antifascismo-le-ragioni-recondite-di-unossessione-lanalisi-di-morano","status":"publish","type":"post","link":"https:\/\/ilsovranista.com\/?p=1684","title":{"rendered":"Antifascismo: le ragioni recondite di un\u2019ossessione. L&#8217;analisi di Morano"},"content":{"rendered":"<p>di Sabino Morano<\/p>\n<p>Fonte nuovecronache.com<\/p>\n<p>La richiesta di una <strong>dichiarazione pubblica di antifascismo<\/strong>, fatta ai presentatori dell\u2019edizione 2025 del <strong>Festival di Sanremo<\/strong> durante la conferenza stampa di presentazione, sembrerebbe una vicenda quantomeno bizzarra, quasi una cosa da ridere, se non fosse che dietro a detto concetto si nasconde una ideologia radicale intrisa di velleit\u00e0 totalitarie che da anni imperversa nel mainstream.\u00a0 Da generica opposizione ai vari fascismi storici, fatta propria da posizioni politiche anche radicalmente differenti tra di loro, l\u2019anti fascismo (specialmente da quando non esiste pi\u00f9 il fascismo), \u00e8 an dato assumendo sempre pi\u00f9 i connotati di una ideologia autonoma, che costituisce la componente fondamentale del mondo culturale progressista, e si presta ad essere utilizzato come strumento intellettuale adatto a sostenerne le tesi pi\u00f9 estremiste. La visione manichea promossa dai vincitori della Seconda guerra mondiale ha prodotto una classificazione ideologica che individua come il \u201cmale\u201d tutte le posizioni politiche o culturali considerate derivate dal fascismo. Di conseguenza tutto ci\u00f2 che si oppone al \u201cmale\u201d \u00e8 da considerarsi \u201cbene\u201d, e quindi la posizione culturale \u201cantifascista\u201d diventa una sorta di lasciapassare per veicolare una serie di tesi che poco o nulla hanno a che vedere con gli avvenimenti storici che riguardarono i fascismi. L\u2019\u201dantifascismo\u201d ha avuto molta pi\u00f9 fortuna quando non aveva pi\u00f9 motivo di essere (ossia quando non esisteva pi\u00f9 il fascismo co me regime) che al tempo in cui si verificavano le ragioni storiche del suo costituirsi. Alla fine della Seconda guerra mondiale l&#8217;\u201dantifascismo\u201d fu utilizzato per distribuire patenti di \u201cvincitore\u201d a vari stati europei (magari compromessi o alleati con l\u2019Asse fino a pochi mesi prima); in Italia esso fu sia il grande strumento democristiano (in base alla teoria dell\u2019\u201darco costituzionale\u201d) per sabotare i tentativi di nascita di forze politiche alla destra della \u201cbalena bianca\u201d, sia il mezzo per immaginare e giustificare il \u201ccompromesso storico\u201d. Ma ai nostri giorni l\u2019antifascismo, a livello concettuale, esce definitivamente dal campo della opposizione politica ad una forza antinomica (che evidentemente non esiste pi\u00f9), per diventare, attraverso un perverso meccanismo dialettico, una ideologia a s\u00e9 stante; una ideologia radicale ed intollerante, che, in nome della sua vantata ontologica appartenenza al partito del \u201cbene\u201d, si \u00e8 fatta portatrice di una \u201crivoluzione culturale\u201d di impronta totalitaria. Non a caso, in tempi non sospetti, Giulio Andreotti, per stigmatizzare l\u2019utilizzo strumentale della retorica antifascista che si andava facendo in Italia per le pi\u00f9 svariate finalit\u00e0 politiche, una volta disse \u201cl\u2019antifascismo \u00e8 come i vini, bisogna guardare l\u2019anno\u201d\u00a0 A fornire di un \u201csottostante\u201d teorico la prassi dell\u2019 \u201cantifascismo\u201d post-moderno ci pens\u00f2 Umberto Eco, con una sua esposizione in un simposio nel 1995, da cui trasse poi il breve saggio \u201cIl fascismo eterno\u201d. Espose allora una tesi secondo cui il fascismo, aldil\u00e0 delle sue manifestazioni storiche e delle teorie politico-filosofiche alle quali si era appoggiato, si rifaceva emotivamente ad alcuni \u201carchetipi\u201d. Secondo Eco esiste una sorta di \u201cUr-fascismo\u201d i cui tratti sono ravvisabili, in qualunque epoca storica, in tutti i fenomeni che rispondono o comunque si avvicinano alle caratteristiche che egli ritiene essere tipiche del fascismo. Con questa convinzione il filosofo semiologo crea le condizioni per poter riproporre perpetuamente una dicotomia tra fascismo=male e antifascismo=bene, in base alla quale qualsiasi tesi, purch\u00e9 si dichiari \u201cantifascista\u201d, pu\u00f2 ammantarsi di positivit\u00e0 e di legittimit\u00e0. Viceversa, \u00e8 sufficiente scorgere in una forza politica o in una sensibilit\u00e0 culturale un segno che ricordi i tratti caratteristici del \u201cfascismo eterno\u201d, per dichiarare la sua negativit\u00e0 e per giustificare qualunque arbitrio al fine di scongiurare il \u201cpericolo fascista\u201d. A riprova dell\u2019intenzione di un utilizzo \u201cmilitante\u201d del saggio, tipico del suo approccio alla cultura, Eco stila un elenco di 14 punti \u201cidentificativi\u201d dei tratti peculiari del fascismo; non diversamente da Lombroso (che \u201criconosceva\u201d l\u2019uomo \u201cdelinquente\u201d da una serie di caratteri fisiognomici), il filosofo fornisce al suo pubblico una sorta di vademecum per riconoscere, in qualunque aggregazione politica, sensibilit\u00e0 culturale o anche in un singolo individuo, la presenza di idee e di convinzioni che disvelino l\u2019essenza del fascismo. Di questo elenco di comportamenti ur-fascisti, per capirci, fanno parte cose tipo: culto della tradizione, rifiuto dello spirito illuministico e del modernismo, frustrazione delle classi medie a causa di crisi economiche o pressioni politiche, ossessione per i complotti anche di tipo internazionale, percezione di una eccessiva forza di nemici esterni, eroismo di massa e desiderio di immolare se stessi per la causa comune, machismo, populismo.\u00a0 Non si pu\u00f2 non rilevare come, pi\u00f9 che un libretto d\u2019istruzioni per riconoscere un fascista (anche quando non va in giro in orbace), i 14 punti di Eco siano un vero e proprio manifesto ideologico, che iscrive tutta una serie di posizioni culturali (volgarizzandole ed irridendole) alla macro-categoria del fascismo=male, elevando contemporaneamente le posizioni opposte alla categoria dell\u2019antifascismo=bene. In realt\u00e0 Eco (in maniera a dir poco paradossale) si mostra un ottimo allievo del dott. Goebbels (un \u201cUr-fascista\u201d addirittura nazista), di cui mostra di aver studiato con attenzione la sua esposizione sui principi alla base dalla propaganda politica; infatti, come raccomandava il ministro della propaganda di Hitler, Eco \u2013 attraverso l\u2019applicazione del principio del \u201ccontagio psichico\u201d, riunisce diversi \u201cavversari\u201d in una sola categoria, o in un solo individuo, per applicare in tal modo il principio della \u201csemplificazione e del nemico unico\u201d (una sola idea, un unico simbolo, come fonte di tutti i mali); \u2013 attraverso il principio del \u201ctravisamento\u201d, trasforma qualunque episodio, per piccolo ed irrilevante che sia, in una grande minaccia; \u2013 mediante il principio della \u201ctrasfusione\u201d (ovvero l\u2019evocare eventi provenienti da un substrato storico precedente, ma che hanno contribuito a formare l\u2019opinione pubblica), attiva efficaci tattiche manipolatorie basate sulle associazione d\u2019immagini.\u00a0 Foraggiare continuamente una possente narrazione retorica antifascista ha la funzione di fornire un\u2019arma al conformismo della sinistra progressista internazionale, per colpire tutti quegli aspetti della societ\u00e0, quelle posizioni politiche, quelle appartenenze religiose e culturali, capaci di conservare e preservare forti sentimenti identitari. Gli archetipi dell\u2019\u201dUr-fascismo\u201d invocati da Eco, a leggerli bene, si rivelano principalmente strumenti per colpire, utilizzando sapientemente le tecniche di manipolazione dell\u2019opinione pubblica, tutti gli aspetti della cultura tradizionale; non a caso oggi i gruppi di estremisti politici che promuovono il fenomeno della \u201ccancel culture\u201d, spesso si radunano ed agiscono sotto la sigla \u201cAntifa\u201d. Usata originariamente probabilmente nella Germania negli anni Venti (durante la contemporanea ascesa di Mussolini in Italia), la sigla \u201cAntifa\u201d \u00e8 ricomparsa in Europa in diversi periodi storici; ma negli ultimi anni \u00e8 diventata negli Stati Uniti la sigla principale dei movimenti di protesta contro la prima presidenza Trump, e dell\u2019avanguardia di una specie di battaglia culturale che si estrinseca, in una sorta di iconoclastia post-moderna, con l\u2019abbattimento di statue e il danneggiamento di monumenti e luoghi simbolo, colpevoli di celebrare una storia che va condannata. In risposta a Trump, che accusava la rete Antifa di essere un\u2019organizzazione di tipo terrorista, il collettivo NewYorkCity Antifa cos\u00ec descriveva la propria organizzazione e le sue finalit\u00e0 sociopolitiche: \u201cPer la cronaca, antifa \u00e8 l\u2019abbreviazione di azione antifascista o antifascista. Crediamo e combattiamo per un mondo libero da fascismo, razzismo, sessismo, omo \/ transfobia, antisemitismo, islamofobia e fanatismo\u201d. Gi\u00e0 da questa auto descrizione si evince come il movimento dia al termine \u201cantifascista\u201d un significato molto estensivo; in realt\u00e0 il fascismo viene utilizzato soltanto come evocazione di una serie di eventi storici considerati nefasti, utili a condizionare la sensibilit\u00e0 collettiva in senso favorevole alle proprie istanze, che vengono inopinatamente proclamate opposte al fascismo (anche perch\u00e9 c\u2019\u00e8 da dire che, se in Italia il regime fascista \u00e8 scomparso tre quarti di secolo fa, in America non \u00e8 mai esistito).\u00a0 E\u2019 dunque evidente che la continua necessit\u00e0 di riproporre l\u2019argomento dell\u2019antifascismo, specie nei contesti della cosiddetta \u201ccultura di massa\u201d, nulla ha a che vedere con il fenomeno storico del fascismo e delle opposizioni a questo, ma \u00e8 parte di una strategia di propaganda messa in campo, in Italia come all\u2019estero, dalle centrali ideologiche del progressismo globalista.<\/p>\n","protected":false},"excerpt":{"rendered":"<p>di Sabino Morano Fonte nuovecronache.com La richiesta di una dichiarazione pubblica di antifascismo, fatta ai presentatori dell\u2019edizione 2025 del Festival di Sanremo durante la conferenza stampa di presentazione, sembrerebbe una vicenda quantomeno bizzarra, quasi una cosa da ridere, se non fosse che dietro a detto concetto si nasconde una ideologia radicale intrisa di velleit\u00e0 totalitarie [&hellip;]<\/p>\n","protected":false},"author":3,"featured_media":1685,"comment_status":"open","ping_status":"closed","sticky":false,"template":"","format":"standard","meta":{"om_disable_all_campaigns":false,"_monsterinsights_skip_tracking":false,"_monsterinsights_sitenote_active":false,"_monsterinsights_sitenote_note":"","_monsterinsights_sitenote_category":0,"_uf_show_specific_survey":0,"_uf_disable_surveys":false,"footnotes":""},"categories":[37],"tags":[146,481,482,374],"class_list":{"0":"post-1684","1":"post","2":"type-post","3":"status-publish","4":"format-standard","5":"has-post-thumbnail","7":"category-battaglia-culturale","8":"tag-antifascismo","9":"tag-azioneantifascista","10":"tag-ossessione","11":"tag-sabinomorano"},"aioseo_notices":[],"_links":{"self":[{"href":"https:\/\/ilsovranista.com\/index.php?rest_route=\/wp\/v2\/posts\/1684","targetHints":{"allow":["GET"]}}],"collection":[{"href":"https:\/\/ilsovranista.com\/index.php?rest_route=\/wp\/v2\/posts"}],"about":[{"href":"https:\/\/ilsovranista.com\/index.php?rest_route=\/wp\/v2\/types\/post"}],"author":[{"embeddable":true,"href":"https:\/\/ilsovranista.com\/index.php?rest_route=\/wp\/v2\/users\/3"}],"replies":[{"embeddable":true,"href":"https:\/\/ilsovranista.com\/index.php?rest_route=%2Fwp%2Fv2%2Fcomments&post=1684"}],"version-history":[{"count":3,"href":"https:\/\/ilsovranista.com\/index.php?rest_route=\/wp\/v2\/posts\/1684\/revisions"}],"predecessor-version":[{"id":1688,"href":"https:\/\/ilsovranista.com\/index.php?rest_route=\/wp\/v2\/posts\/1684\/revisions\/1688"}],"wp:featuredmedia":[{"embeddable":true,"href":"https:\/\/ilsovranista.com\/index.php?rest_route=\/wp\/v2\/media\/1685"}],"wp:attachment":[{"href":"https:\/\/ilsovranista.com\/index.php?rest_route=%2Fwp%2Fv2%2Fmedia&parent=1684"}],"wp:term":[{"taxonomy":"category","embeddable":true,"href":"https:\/\/ilsovranista.com\/index.php?rest_route=%2Fwp%2Fv2%2Fcategories&post=1684"},{"taxonomy":"post_tag","embeddable":true,"href":"https:\/\/ilsovranista.com\/index.php?rest_route=%2Fwp%2Fv2%2Ftags&post=1684"}],"curies":[{"name":"wp","href":"https:\/\/api.w.org\/{rel}","templated":true}]}}