{"id":1666,"date":"2025-02-12T00:01:38","date_gmt":"2025-02-11T23:01:38","guid":{"rendered":"https:\/\/ilsovranista.com\/?p=1666"},"modified":"2025-02-11T22:25:23","modified_gmt":"2025-02-11T21:25:23","slug":"pace-fiscale-emergenza-nazionale-salvini-convoca-mercoledi-il-consiglio-federale-della-lega","status":"publish","type":"post","link":"https:\/\/ilsovranista.com\/?p=1666","title":{"rendered":"Pace fiscale emergenza nazionale, Salvini convoca mercoled\u00ec il consiglio federale della Lega"},"content":{"rendered":"<p><strong>Matteo Salvini<\/strong> ha convocato un consiglio federale della <strong>Lega<\/strong>, urgente, con al primo punto all&#8217;ordine del giorno rottamazione delle cartelle e pace fiscale. Si tratta di provvedimenti che Salvini definisce di &#8220;emergenza nazionale'&#8221;. Lo si legge in una nota.<\/p>\n<p>La riunione si terr\u00e0 mercoled\u00ec, in presenza o in collegamento. Salvini sar\u00e0 a Roma, dopo il viaggio in Israele previsto oggi e domani.<\/p>\n","protected":false},"excerpt":{"rendered":"<p>Matteo Salvini ha convocato un consiglio federale della Lega, urgente, con al primo punto all&#8217;ordine del giorno rottamazione delle cartelle e pace fiscale. Si tratta di provvedimenti che Salvini definisce di &#8220;emergenza nazionale&#8217;&#8221;. Lo si legge in una nota. La riunione si terr\u00e0 mercoled\u00ec, in presenza o in collegamento. Salvini sar\u00e0 a Roma, dopo il [&hellip;]<\/p>\n","protected":false},"author":3,"featured_media":1667,"comment_status":"open","ping_status":"closed","sticky":false,"template":"","format":"standard","meta":{"om_disable_all_campaigns":false,"_monsterinsights_skip_tracking":false,"_monsterinsights_sitenote_active":false,"_monsterinsights_sitenote_note":"","_monsterinsights_sitenote_category":0,"_uf_show_specific_survey":0,"_uf_disable_surveys":false,"footnotes":""},"categories":[33],"tags":[470,469,468],"class_list":{"0":"post-1666","1":"post","2":"type-post","3":"status-publish","4":"format-standard","5":"has-post-thumbnail","7":"category-politica","8":"tag-consigliofederale-lega-matteosalvini","9":"tag-emergenzanazionale","10":"tag-pacefiscale"},"aioseo_notices":[],"_links":{"self":[{"href":"https:\/\/ilsovranista.com\/index.php?rest_route=\/wp\/v2\/posts\/1666","targetHints":{"allow":["GET"]}}],"collection":[{"href":"https:\/\/ilsovranista.com\/index.php?rest_route=\/wp\/v2\/posts"}],"about":[{"href":"https:\/\/ilsovranista.com\/index.php?rest_route=\/wp\/v2\/types\/post"}],"author":[{"embeddable":true,"href":"https:\/\/ilsovranista.com\/index.php?rest_route=\/wp\/v2\/users\/3"}],"replies":[{"embeddable":true,"href":"https:\/\/ilsovranista.com\/index.php?rest_route=%2Fwp%2Fv2%2Fcomments&post=1666"}],"version-history":[{"count":1,"href":"https:\/\/ilsovranista.com\/index.php?rest_route=\/wp\/v2\/posts\/1666\/revisions"}],"predecessor-version":[{"id":1668,"href":"https:\/\/ilsovranista.com\/index.php?rest_route=\/wp\/v2\/posts\/1666\/revisions\/1668"}],"wp:featuredmedia":[{"embeddable":true,"href":"https:\/\/ilsovranista.com\/index.php?rest_route=\/wp\/v2\/media\/1667"}],"wp:attachment":[{"href":"https:\/\/ilsovranista.com\/index.php?rest_route=%2Fwp%2Fv2%2Fmedia&parent=1666"}],"wp:term":[{"taxonomy":"category","embeddable":true,"href":"https:\/\/ilsovranista.com\/index.php?rest_route=%2Fwp%2Fv2%2Fcategories&post=1666"},{"taxonomy":"post_tag","embeddable":true,"href":"https:\/\/ilsovranista.com\/index.php?rest_route=%2Fwp%2Fv2%2Ftags&post=1666"}],"curies":[{"name":"wp","href":"https:\/\/api.w.org\/{rel}","templated":true}]}}