{"id":1648,"date":"2025-02-11T22:02:20","date_gmt":"2025-02-11T21:02:20","guid":{"rendered":"https:\/\/ilsovranista.com\/?p=1648"},"modified":"2025-02-11T22:16:55","modified_gmt":"2025-02-11T21:16:55","slug":"bomba-carta-esplosa-nel-giardino-dei-martiri-delle-foibe-ceccardi-lega-atto-vergognoso-che-offende-memoria-delle-vittime-e-verita-storica","status":"publish","type":"post","link":"https:\/\/ilsovranista.com\/?p=1648","title":{"rendered":"Bomba carta esplosa nel giardino dei Martiri delle Foibe, Ceccardi (Lega): \u201cAtto vergognoso che offende memoria delle vittime e verit\u00e0 storica&#8221;"},"content":{"rendered":"<p>&#8220;L&#8217;esplosione di una bomba carta avvenuta ieri sera nel Giardino del Ricordo delle Vittime delle Foibe a <strong>Licciana Nardi,<\/strong> in Lunigiana, \u00e8 un atto vergognoso e inaccettabile, un\u2019offesa non solo alla memoria delle vittime di quella tragica pagina della nostra storia, ma anche ai valori fondamentali di civilt\u00e0 e rispetto che dovrebbero unirci tutti. Commemorare le vittime delle Foibe e difendere la verit\u00e0 storica non sono semplici gesti simbolici, ma un dovere morale. Le atrocit\u00e0 subite dagli italiani in Dalmazia, Istria, Venezia Giulia non possono essere dimenticate o, peggio ancora, negate o minimizzate, come purtroppo qualcuno continua a fare ancora oggi. Questo attentato \u00e8 un vile attacco alla memoria e chi l\u2019ha compiuto deve essere individuato e punito quanto prima. A chi vorrebbe cancellare o infangare la nostra memoria storica, rispondiamo con ancora pi\u00f9 forza e determinazione: non ci faremo intimidire&#8221;.<\/p>\n<p>Lo dichiara <strong>Susanna Ceccardi,\u00a0<\/strong>parlamentare europeo della <strong>Lega\u00a0<\/strong><\/p>\n","protected":false},"excerpt":{"rendered":"<p>&#8220;L&#8217;esplosione di una bomba carta avvenuta ieri sera nel Giardino del Ricordo delle Vittime delle Foibe a Licciana Nardi, in Lunigiana, \u00e8 un atto vergognoso e inaccettabile, un\u2019offesa non solo alla memoria delle vittime di quella tragica pagina della nostra storia, ma anche ai valori fondamentali di civilt\u00e0 e rispetto che dovrebbero unirci tutti. Commemorare [&hellip;]<\/p>\n","protected":false},"author":3,"featured_media":1651,"comment_status":"open","ping_status":"closed","sticky":false,"template":"","format":"standard","meta":{"om_disable_all_campaigns":false,"_monsterinsights_skip_tracking":false,"_monsterinsights_sitenote_active":false,"_monsterinsights_sitenote_note":"","_monsterinsights_sitenote_category":0,"_uf_show_specific_survey":0,"_uf_disable_surveys":false,"footnotes":""},"categories":[33],"tags":[461,462,44,460,280,426],"class_list":{"0":"post-1648","1":"post","2":"type-post","3":"status-publish","4":"format-standard","5":"has-post-thumbnail","7":"category-politica","8":"tag-bombacarta","9":"tag-giardino","10":"tag-lega","11":"tag-licciananardi","12":"tag-susannaceccardi","13":"tag-vittimedellefoibe"},"aioseo_notices":[],"_links":{"self":[{"href":"https:\/\/ilsovranista.com\/index.php?rest_route=\/wp\/v2\/posts\/1648","targetHints":{"allow":["GET"]}}],"collection":[{"href":"https:\/\/ilsovranista.com\/index.php?rest_route=\/wp\/v2\/posts"}],"about":[{"href":"https:\/\/ilsovranista.com\/index.php?rest_route=\/wp\/v2\/types\/post"}],"author":[{"embeddable":true,"href":"https:\/\/ilsovranista.com\/index.php?rest_route=\/wp\/v2\/users\/3"}],"replies":[{"embeddable":true,"href":"https:\/\/ilsovranista.com\/index.php?rest_route=%2Fwp%2Fv2%2Fcomments&post=1648"}],"version-history":[{"count":2,"href":"https:\/\/ilsovranista.com\/index.php?rest_route=\/wp\/v2\/posts\/1648\/revisions"}],"predecessor-version":[{"id":1665,"href":"https:\/\/ilsovranista.com\/index.php?rest_route=\/wp\/v2\/posts\/1648\/revisions\/1665"}],"wp:featuredmedia":[{"embeddable":true,"href":"https:\/\/ilsovranista.com\/index.php?rest_route=\/wp\/v2\/media\/1651"}],"wp:attachment":[{"href":"https:\/\/ilsovranista.com\/index.php?rest_route=%2Fwp%2Fv2%2Fmedia&parent=1648"}],"wp:term":[{"taxonomy":"category","embeddable":true,"href":"https:\/\/ilsovranista.com\/index.php?rest_route=%2Fwp%2Fv2%2Fcategories&post=1648"},{"taxonomy":"post_tag","embeddable":true,"href":"https:\/\/ilsovranista.com\/index.php?rest_route=%2Fwp%2Fv2%2Ftags&post=1648"}],"curies":[{"name":"wp","href":"https:\/\/api.w.org\/{rel}","templated":true}]}}