{"id":1625,"date":"2025-02-10T19:13:08","date_gmt":"2025-02-10T18:13:08","guid":{"rendered":"https:\/\/ilsovranista.com\/?p=1625"},"modified":"2025-02-10T19:13:08","modified_gmt":"2025-02-10T18:13:08","slug":"giornata-del-ricordo-cerreto-fdi-occorre-rafforzare-la-memoria-condivisa","status":"publish","type":"post","link":"https:\/\/ilsovranista.com\/?p=1625","title":{"rendered":"Giornata del Ricordo, Cerreto (Fdi): occorre rafforzare la memoria condivisa"},"content":{"rendered":"<p>&#8220;Come ogni anno, \u00e8 giusto raccogliersi insieme alla propria Comunit\u00e0, quella italiana, e rendere omaggio a chi venne ucciso per aver commesso una terribile \u2018colpa\u2019: essere italiano. \u00c8 incredibile come, ancora oggi, vi sia ostracismo da parte di certa sinistra e come le iniziative di commemorazione vengano attivamente ostacolate da negazionisti e nostalgici del comunismo titino, autore di crimini efferati.<\/p>\n<p>\u00c8 doveroso, da cittadini, ricordare quello che \u00e8 stato uno dei pi\u00f9 grandi genocidi subiti dal nostro popolo. Solo grazie alla legge 30 marzo 2004, n. 92, dopo anni di silenzio, \u00e8 possibile conservare e rinnovare la memoria della tragedia degli italiani e di tutte le vittime delle foibe, cos\u00ec come dell\u2019esodo degli istriani, fiumani e dalmati dalle loro terre nel secondo dopoguerra. Proprio per questo, l\u2019istituzione della Giornata del Ricordo rende doveroso affrontare questo tema anche all\u2019interno degli istituti scolastici. Nel mio piccolo, ho onorato questo sacro dovere parlando delle foibe davanti a oltre 200 studenti del liceo Siani di Sant\u2019Arpino. Solo attraverso il rafforzamento della memoria condivisa potremo finalmente giungere a una matura pacificazione sociale\u201d.<\/p>\n<p>Lo dichiara in una nota, diffusa alla stampa,\u00a0<strong>Marco Cerreto,\u00a0<\/strong>deputato casertano di\u00a0<strong>Fratelli d&#8217;Italia<\/strong><\/p>\n","protected":false},"excerpt":{"rendered":"<p>&#8220;Come ogni anno, \u00e8 giusto raccogliersi insieme alla propria Comunit\u00e0, quella italiana, e rendere omaggio a chi venne ucciso per aver commesso una terribile \u2018colpa\u2019: essere italiano. \u00c8 incredibile come, ancora oggi, vi sia ostracismo da parte di certa sinistra e come le iniziative di commemorazione vengano attivamente ostacolate da negazionisti e nostalgici del comunismo [&hellip;]<\/p>\n","protected":false},"author":3,"featured_media":1626,"comment_status":"open","ping_status":"closed","sticky":false,"template":"","format":"standard","meta":{"om_disable_all_campaigns":false,"_monsterinsights_skip_tracking":false,"_monsterinsights_sitenote_active":false,"_monsterinsights_sitenote_note":"","_monsterinsights_sitenote_category":0,"_uf_show_specific_survey":0,"_uf_disable_surveys":false,"footnotes":""},"categories":[33],"tags":[438,407,47,408,441],"class_list":{"0":"post-1625","1":"post","2":"type-post","3":"status-publish","4":"format-standard","5":"has-post-thumbnail","7":"category-politica","8":"tag-10febbraio","9":"tag-foibe","10":"tag-fratelliditalia","11":"tag-giornodelricordo","12":"tag-marcocerreto"},"aioseo_notices":[],"_links":{"self":[{"href":"https:\/\/ilsovranista.com\/index.php?rest_route=\/wp\/v2\/posts\/1625","targetHints":{"allow":["GET"]}}],"collection":[{"href":"https:\/\/ilsovranista.com\/index.php?rest_route=\/wp\/v2\/posts"}],"about":[{"href":"https:\/\/ilsovranista.com\/index.php?rest_route=\/wp\/v2\/types\/post"}],"author":[{"embeddable":true,"href":"https:\/\/ilsovranista.com\/index.php?rest_route=\/wp\/v2\/users\/3"}],"replies":[{"embeddable":true,"href":"https:\/\/ilsovranista.com\/index.php?rest_route=%2Fwp%2Fv2%2Fcomments&post=1625"}],"version-history":[{"count":1,"href":"https:\/\/ilsovranista.com\/index.php?rest_route=\/wp\/v2\/posts\/1625\/revisions"}],"predecessor-version":[{"id":1627,"href":"https:\/\/ilsovranista.com\/index.php?rest_route=\/wp\/v2\/posts\/1625\/revisions\/1627"}],"wp:featuredmedia":[{"embeddable":true,"href":"https:\/\/ilsovranista.com\/index.php?rest_route=\/wp\/v2\/media\/1626"}],"wp:attachment":[{"href":"https:\/\/ilsovranista.com\/index.php?rest_route=%2Fwp%2Fv2%2Fmedia&parent=1625"}],"wp:term":[{"taxonomy":"category","embeddable":true,"href":"https:\/\/ilsovranista.com\/index.php?rest_route=%2Fwp%2Fv2%2Fcategories&post=1625"},{"taxonomy":"post_tag","embeddable":true,"href":"https:\/\/ilsovranista.com\/index.php?rest_route=%2Fwp%2Fv2%2Ftags&post=1625"}],"curies":[{"name":"wp","href":"https:\/\/api.w.org\/{rel}","templated":true}]}}