{"id":1611,"date":"2025-02-10T18:48:06","date_gmt":"2025-02-10T17:48:06","guid":{"rendered":"https:\/\/ilsovranista.com\/?p=1611"},"modified":"2025-02-10T19:06:29","modified_gmt":"2025-02-10T18:06:29","slug":"lotta-alla-mafia-varchi-fdi-il-41-bis-resta-un-pilastro-irrinunciabile-per-fdi","status":"publish","type":"post","link":"https:\/\/ilsovranista.com\/?p=1611","title":{"rendered":"Lotta alla mafia. Varchi (Fdi): \u201cIl 41 bis resta un pilastro irrinunciabile&#8221;"},"content":{"rendered":"<p>\u201cIl regime del <strong>41 bis<\/strong> resta un caposaldo imprescindibile di questo Governo nella <strong>lotta alla mafia<\/strong>. Non arretreremo di un passo di fronte a chi vorrebbe indebolire questo strumento fondamentale per la sicurezza dello Stato. Quanto pubblicato oggi da Salvo Palazzolo per me \u00e8 la conferma che siamo sulla strada giusta per sconfiggere la mafia\u201d.<\/p>\n<p>Lo ha dichiarato <strong>Carolina Varchi,<\/strong> capogruppo di <strong>Fratelli<\/strong> <strong>d\u2019Italia<\/strong> in Commissione Giustizia, in merito a quanto emerso dall\u2019inchiesta di Salvo Palazzolo pubblicata questa mattina su Repubblica.<br \/>\n\u201cDurante l\u2019ultima campagna elettorale, un esponente della criminalit\u00e0 organizzata \u00e8 stato intercettato mentre si scagliava contro il futuro Presidente del Consiglio perch\u00e9 ha sempre difeso la legislazione antimafia e il 41bis in particolare. Effettivamente, dopo poche settimane da quella intercettazione, il primo provvedimento che abbiamo varato in materia di giustizia \u00e8 stato la salvaguardia dell\u2019ergastolo ostativo. Una scelta che indigna i mafiosi ma che rende orgogliosi noi siciliani e la Nazione tutta. Sono molto fiera del mio cammino ventennale al fianco di Giorgia Meloni\u201d. \u201cSe la mafia tenta di rialzare la testa, il nostro dovere morale e politico \u00e8 chiaro: contrastarla con ogni mezzo e sconfiggerla senza esitazioni\u201d.<\/p>\n","protected":false},"excerpt":{"rendered":"<p>\u201cIl regime del 41 bis resta un caposaldo imprescindibile di questo Governo nella lotta alla mafia. Non arretreremo di un passo di fronte a chi vorrebbe indebolire questo strumento fondamentale per la sicurezza dello Stato. Quanto pubblicato oggi da Salvo Palazzolo per me \u00e8 la conferma che siamo sulla strada giusta per sconfiggere la mafia\u201d. [&hellip;]<\/p>\n","protected":false},"author":3,"featured_media":1612,"comment_status":"open","ping_status":"closed","sticky":false,"template":"","format":"standard","meta":{"om_disable_all_campaigns":false,"_monsterinsights_skip_tracking":false,"_monsterinsights_sitenote_active":false,"_monsterinsights_sitenote_note":"","_monsterinsights_sitenote_category":0,"_uf_show_specific_survey":0,"_uf_disable_surveys":false,"footnotes":""},"categories":[33],"tags":[436,437,47,218,435],"class_list":{"0":"post-1611","1":"post","2":"type-post","3":"status-publish","4":"format-standard","5":"has-post-thumbnail","7":"category-politica","8":"tag-41bis","9":"tag-carolinavarchi","10":"tag-fratelliditalia","11":"tag-governomeloni","12":"tag-lottaallamafia"},"aioseo_notices":[],"_links":{"self":[{"href":"https:\/\/ilsovranista.com\/index.php?rest_route=\/wp\/v2\/posts\/1611","targetHints":{"allow":["GET"]}}],"collection":[{"href":"https:\/\/ilsovranista.com\/index.php?rest_route=\/wp\/v2\/posts"}],"about":[{"href":"https:\/\/ilsovranista.com\/index.php?rest_route=\/wp\/v2\/types\/post"}],"author":[{"embeddable":true,"href":"https:\/\/ilsovranista.com\/index.php?rest_route=\/wp\/v2\/users\/3"}],"replies":[{"embeddable":true,"href":"https:\/\/ilsovranista.com\/index.php?rest_route=%2Fwp%2Fv2%2Fcomments&post=1611"}],"version-history":[{"count":2,"href":"https:\/\/ilsovranista.com\/index.php?rest_route=\/wp\/v2\/posts\/1611\/revisions"}],"predecessor-version":[{"id":1623,"href":"https:\/\/ilsovranista.com\/index.php?rest_route=\/wp\/v2\/posts\/1611\/revisions\/1623"}],"wp:featuredmedia":[{"embeddable":true,"href":"https:\/\/ilsovranista.com\/index.php?rest_route=\/wp\/v2\/media\/1612"}],"wp:attachment":[{"href":"https:\/\/ilsovranista.com\/index.php?rest_route=%2Fwp%2Fv2%2Fmedia&parent=1611"}],"wp:term":[{"taxonomy":"category","embeddable":true,"href":"https:\/\/ilsovranista.com\/index.php?rest_route=%2Fwp%2Fv2%2Fcategories&post=1611"},{"taxonomy":"post_tag","embeddable":true,"href":"https:\/\/ilsovranista.com\/index.php?rest_route=%2Fwp%2Fv2%2Ftags&post=1611"}],"curies":[{"name":"wp","href":"https:\/\/api.w.org\/{rel}","templated":true}]}}