{"id":1600,"date":"2025-02-09T21:06:19","date_gmt":"2025-02-09T20:06:19","guid":{"rendered":"https:\/\/ilsovranista.com\/?p=1600"},"modified":"2025-02-09T21:07:33","modified_gmt":"2025-02-09T20:07:33","slug":"borchia-lega-a-madrid-con-i-patrioti-per-lanciare-il-lanciare-make-europe-great-again","status":"publish","type":"post","link":"https:\/\/ilsovranista.com\/?p=1600","title":{"rendered":"Borchia (Lega): a Madrid con i Patrioti per lanciare il &#8220;lanciare \u201cMake Europe Great Again\u201d"},"content":{"rendered":"<p>&nbsp;<\/p>\n<p>\u201cLa <strong>Lega<\/strong> e i Patrioti per l&#8217;Europa sono al lavoro per cambiare questa Europa che non funziona dopo decenni di malgoverno delle sinistre e per renderla di nuovo grande, all\u2019insegna del motto Make Europe Great Again\u2019\u201d.<\/p>\n<p>Lo ha sottolineato\u00a0<strong>Paolo Borchia,\u00a0<\/strong>capo delegazione della Lega al Parlamento Europeo \u00a0sottolineando come il progetto non sia solo uno slogan, ma un vero e proprio programma politico basato su buonsenso e concretezza. Secondo il deputato europeo, l\u2019attuale governance dell\u2019UE ha portato il continente a perdere competitivit\u00e0 e crescita rispetto agli altri attori globali:\u00a0\u201cDopo anni di scelte sbagliate e politiche fallimentari degli attuali partiti di maggioranza in UE, l\u2019Europa \u00e8 il fanalino di coda per competitivit\u00e0 e crescita nel mondo.\u201d<\/p>\n<p>L\u2019obiettivo del fronte sovranista, ha spiegato\u00a0Borchia, \u00e8 quello di riportare al centro della politica europea le\u00a0persone e le imprese, difendendo la\u00a0libert\u00e0\u00a0e contrastando l\u2019ideologia green\u00a0e l\u2019estremismo woke, in linea con le politiche dell\u2019amministrazione\u00a0Trump\u00a0negli Stati Uniti:\u00a0\u201c\u00c8 la rivoluzione della speranza, la nostra battaglia \u00e8 gi\u00e0 cominciata e come terzo gruppo pi\u00f9 numeroso del Parlamento Europeo faremo sentire la nostra voce: l\u2019establishment ha i giorni contati, \u00e8 ora di far tornare grande l\u2019Europa.\u201d<\/p>\n<p>&nbsp;<\/p>\n<p>&nbsp;<\/p>\n","protected":false},"excerpt":{"rendered":"<p>&nbsp; \u201cLa Lega e i Patrioti per l&#8217;Europa sono al lavoro per cambiare questa Europa che non funziona dopo decenni di malgoverno delle sinistre e per renderla di nuovo grande, all\u2019insegna del motto Make Europe Great Again\u2019\u201d. Lo ha sottolineato\u00a0Paolo Borchia,\u00a0capo delegazione della Lega al Parlamento Europeo \u00a0sottolineando come il progetto non sia solo uno [&hellip;]<\/p>\n","protected":false},"author":3,"featured_media":1601,"comment_status":"open","ping_status":"closed","sticky":false,"template":"","format":"standard","meta":{"om_disable_all_campaigns":false,"_monsterinsights_skip_tracking":false,"_monsterinsights_sitenote_active":false,"_monsterinsights_sitenote_note":"","_monsterinsights_sitenote_category":0,"_uf_show_specific_survey":0,"_uf_disable_surveys":false,"footnotes":""},"categories":[275],"tags":[44,389,434,433,432],"class_list":{"0":"post-1600","1":"post","2":"type-post","3":"status-publish","4":"format-standard","5":"has-post-thumbnail","7":"category-europa","8":"tag-lega","9":"tag-madrid","10":"tag-makeeuropagreatagain","11":"tag-paoloborchia","12":"tag-patriotieuropei"},"aioseo_notices":[],"_links":{"self":[{"href":"https:\/\/ilsovranista.com\/index.php?rest_route=\/wp\/v2\/posts\/1600","targetHints":{"allow":["GET"]}}],"collection":[{"href":"https:\/\/ilsovranista.com\/index.php?rest_route=\/wp\/v2\/posts"}],"about":[{"href":"https:\/\/ilsovranista.com\/index.php?rest_route=\/wp\/v2\/types\/post"}],"author":[{"embeddable":true,"href":"https:\/\/ilsovranista.com\/index.php?rest_route=\/wp\/v2\/users\/3"}],"replies":[{"embeddable":true,"href":"https:\/\/ilsovranista.com\/index.php?rest_route=%2Fwp%2Fv2%2Fcomments&post=1600"}],"version-history":[{"count":1,"href":"https:\/\/ilsovranista.com\/index.php?rest_route=\/wp\/v2\/posts\/1600\/revisions"}],"predecessor-version":[{"id":1602,"href":"https:\/\/ilsovranista.com\/index.php?rest_route=\/wp\/v2\/posts\/1600\/revisions\/1602"}],"wp:featuredmedia":[{"embeddable":true,"href":"https:\/\/ilsovranista.com\/index.php?rest_route=\/wp\/v2\/media\/1601"}],"wp:attachment":[{"href":"https:\/\/ilsovranista.com\/index.php?rest_route=%2Fwp%2Fv2%2Fmedia&parent=1600"}],"wp:term":[{"taxonomy":"category","embeddable":true,"href":"https:\/\/ilsovranista.com\/index.php?rest_route=%2Fwp%2Fv2%2Fcategories&post=1600"},{"taxonomy":"post_tag","embeddable":true,"href":"https:\/\/ilsovranista.com\/index.php?rest_route=%2Fwp%2Fv2%2Ftags&post=1600"}],"curies":[{"name":"wp","href":"https:\/\/api.w.org\/{rel}","templated":true}]}}