{"id":1594,"date":"2025-02-09T20:06:32","date_gmt":"2025-02-09T19:06:32","guid":{"rendered":"https:\/\/ilsovranista.com\/?p=1594"},"modified":"2025-02-09T20:09:04","modified_gmt":"2025-02-09T19:09:04","slug":"lamezia-terme-la-lega-commemora-i-martiri-delle-foibe","status":"publish","type":"post","link":"https:\/\/ilsovranista.com\/?p=1594","title":{"rendered":"Lamezia Terme, la Lega commemora i martiri delle foibe"},"content":{"rendered":"<p>Questa mattina, in occasione del \u201cGiorno del Ricordo\u201d i militanti della\u00a0 <strong>Lega Salvini Premier<\/strong> di Lamezia Terme hanno organizzato un\u2019importante cerimonia di commemorazione per le vittime delle foibe e per gli esuli di Istria, Fiume e Dalmazia.<\/p>\n<p>L&#8217;evento, come scrive una nota diffusa alla stampa dal coordinamento cittadino del movimento politico guidato da Salvini, \u00a0si \u00e8 svolto in via Martiri delle Foibe, luogo simbolico della nostra citt\u00e0, nato proprio dall\u2019impegno di chi, fin da giovanissimo, ha lavorato affinch\u00e9 Lamezia avesse uno spazio dedicato alla memoria di questa tragedia nazionale. Un\u2019azione concreta che si deve a <strong>Domenico<\/strong> <strong>Furgiuele<\/strong> e <strong>Massimo Cristiano<\/strong>, i quali, anni fa, si fecero promotori della sua istituzione&#8221;.<\/p>\n<p>Alla cerimonia, come dimostra la foto inviataci da un nostro lettore lametino, hanno preso parte numerosi cittadini, militanti della Lega e tanti giovani che hanno voluto unirsi a questo momento di riflessione e ricordo, testimoniando quanto sia fondamentale tramandare la memoria di una delle pagine pi\u00f9 dolorose della storia italiana. Erano presenti il deputato Domenico Furgiuele, il capogruppo della Lega e commissario cittadino Antonietta D\u2019Amico.<\/p>\n<p>&#8220;La Lega Salvini Premier di Lamezia Terme, come ogni anno, ha voluto ribadire l\u2019importanza del Giorno del Ricordo, affinch\u00e9 questa tragedia non venga mai pi\u00f9 dimenticata e perch\u00e9 il sacrificio di migliaia di italiani resti impresso nella coscienza collettiva&#8221;.<\/p>\n","protected":false},"excerpt":{"rendered":"<p>Questa mattina, in occasione del \u201cGiorno del Ricordo\u201d i militanti della\u00a0 Lega Salvini Premier di Lamezia Terme hanno organizzato un\u2019importante cerimonia di commemorazione per le vittime delle foibe e per gli esuli di Istria, Fiume e Dalmazia. L&#8217;evento, come scrive una nota diffusa alla stampa dal coordinamento cittadino del movimento politico guidato da Salvini, \u00a0si [&hellip;]<\/p>\n","protected":false},"author":3,"featured_media":1595,"comment_status":"open","ping_status":"closed","sticky":false,"template":"","format":"standard","meta":{"om_disable_all_campaigns":false,"_monsterinsights_skip_tracking":false,"_monsterinsights_sitenote_active":false,"_monsterinsights_sitenote_note":"","_monsterinsights_sitenote_category":0,"_uf_show_specific_survey":0,"_uf_disable_surveys":false,"footnotes":""},"categories":[36],"tags":[427,429,408,428,425,430,426],"class_list":{"0":"post-1594","1":"post","2":"type-post","3":"status-publish","4":"format-standard","5":"has-post-thumbnail","7":"category-prima-i-territori","8":"tag-esuli","9":"tag-fiume-dalmazia","10":"tag-giornodelricordo","11":"tag-istria","12":"tag-lameziaterme","13":"tag-legasalvinipremier","14":"tag-vittimedellefoibe"},"aioseo_notices":[],"_links":{"self":[{"href":"https:\/\/ilsovranista.com\/index.php?rest_route=\/wp\/v2\/posts\/1594","targetHints":{"allow":["GET"]}}],"collection":[{"href":"https:\/\/ilsovranista.com\/index.php?rest_route=\/wp\/v2\/posts"}],"about":[{"href":"https:\/\/ilsovranista.com\/index.php?rest_route=\/wp\/v2\/types\/post"}],"author":[{"embeddable":true,"href":"https:\/\/ilsovranista.com\/index.php?rest_route=\/wp\/v2\/users\/3"}],"replies":[{"embeddable":true,"href":"https:\/\/ilsovranista.com\/index.php?rest_route=%2Fwp%2Fv2%2Fcomments&post=1594"}],"version-history":[{"count":1,"href":"https:\/\/ilsovranista.com\/index.php?rest_route=\/wp\/v2\/posts\/1594\/revisions"}],"predecessor-version":[{"id":1596,"href":"https:\/\/ilsovranista.com\/index.php?rest_route=\/wp\/v2\/posts\/1594\/revisions\/1596"}],"wp:featuredmedia":[{"embeddable":true,"href":"https:\/\/ilsovranista.com\/index.php?rest_route=\/wp\/v2\/media\/1595"}],"wp:attachment":[{"href":"https:\/\/ilsovranista.com\/index.php?rest_route=%2Fwp%2Fv2%2Fmedia&parent=1594"}],"wp:term":[{"taxonomy":"category","embeddable":true,"href":"https:\/\/ilsovranista.com\/index.php?rest_route=%2Fwp%2Fv2%2Fcategories&post=1594"},{"taxonomy":"post_tag","embeddable":true,"href":"https:\/\/ilsovranista.com\/index.php?rest_route=%2Fwp%2Fv2%2Ftags&post=1594"}],"curies":[{"name":"wp","href":"https:\/\/api.w.org\/{rel}","templated":true}]}}