{"id":1591,"date":"2025-02-10T00:46:58","date_gmt":"2025-02-09T23:46:58","guid":{"rendered":"https:\/\/ilsovranista.com\/?p=1591"},"modified":"2025-02-09T19:51:30","modified_gmt":"2025-02-09T18:51:30","slug":"giorno-del-ricordo-liris-fdi-la-memoria-non-si-calpesta-con-scritte-oltraggiose","status":"publish","type":"post","link":"https:\/\/ilsovranista.com\/?p=1591","title":{"rendered":"Giorno del Ricordo, Liris (Fdi): la memoria non si calpesta con scritte oltraggiose"},"content":{"rendered":"<p>\u00c8 un atto inaccettabile quello che ha colpito la citt\u00e0 di Giulianova, dove, alla vigilia dell\u2019evento di domani \u2018Io ricordo, promosso da Fratelli d\u2019Italia in occasione del Giorno del Ricordo, alcuni vandali hanno imbrattato la scalinata della Sala Buozzi con messaggi provocatori e offensivi. Solidariet\u00e0 alle istituzioni cittadine, al sindaco e alla sua amministrazione, che dimostrano una grande sensibilit\u00e0 nei confronti di questo evento. Un riconoscimento anche al lavoro degli organizzatori e del coordinamento cittadino che ha collaborato in sinergia con il coordinamento provinciale per realizzare questa importante iniziativa. Quanto accaduto evidenzia ulteriormente la necessit\u00e0 di difendere la nostra memoria collettiva. Nonostante il tentativo di minare la seriet\u00e0 e la dignit\u00e0 di un evento che vuole ricordare una delle pagine pi\u00f9 dolorose della nostra storia, Fratelli d\u2019Italia non si lascer\u00e0 intimidire. La memoria non si offende, non si cancella e non si pu\u00f2 calpestare con scritte vuote e contraddittorie. Il 10 febbraio, Giorno del Ricordo, deve rappresentare una tappa fondamentale nel percorso di recupero di una memoria condivisa e pacificata\u201d.<\/p>\n<p>Lo dichiara in una nota,\u00a0<strong>Guido Liris,\u00a0<\/strong>senatore di\u00a0<strong>Fratelli d&#8217;Italia\u00a0<\/strong><\/p>\n<p>&nbsp;<\/p>\n","protected":false},"excerpt":{"rendered":"<p>\u00c8 un atto inaccettabile quello che ha colpito la citt\u00e0 di Giulianova, dove, alla vigilia dell\u2019evento di domani \u2018Io ricordo, promosso da Fratelli d\u2019Italia in occasione del Giorno del Ricordo, alcuni vandali hanno imbrattato la scalinata della Sala Buozzi con messaggi provocatori e offensivi. Solidariet\u00e0 alle istituzioni cittadine, al sindaco e alla sua amministrazione, che [&hellip;]<\/p>\n","protected":false},"author":3,"featured_media":1592,"comment_status":"open","ping_status":"closed","sticky":false,"template":"","format":"standard","meta":{"om_disable_all_campaigns":false,"_monsterinsights_skip_tracking":false,"_monsterinsights_sitenote_active":false,"_monsterinsights_sitenote_note":"","_monsterinsights_sitenote_category":0,"_uf_show_specific_survey":0,"_uf_disable_surveys":false,"footnotes":""},"categories":[33],"tags":[],"class_list":{"0":"post-1591","1":"post","2":"type-post","3":"status-publish","4":"format-standard","5":"has-post-thumbnail","7":"category-politica"},"aioseo_notices":[],"_links":{"self":[{"href":"https:\/\/ilsovranista.com\/index.php?rest_route=\/wp\/v2\/posts\/1591","targetHints":{"allow":["GET"]}}],"collection":[{"href":"https:\/\/ilsovranista.com\/index.php?rest_route=\/wp\/v2\/posts"}],"about":[{"href":"https:\/\/ilsovranista.com\/index.php?rest_route=\/wp\/v2\/types\/post"}],"author":[{"embeddable":true,"href":"https:\/\/ilsovranista.com\/index.php?rest_route=\/wp\/v2\/users\/3"}],"replies":[{"embeddable":true,"href":"https:\/\/ilsovranista.com\/index.php?rest_route=%2Fwp%2Fv2%2Fcomments&post=1591"}],"version-history":[{"count":1,"href":"https:\/\/ilsovranista.com\/index.php?rest_route=\/wp\/v2\/posts\/1591\/revisions"}],"predecessor-version":[{"id":1593,"href":"https:\/\/ilsovranista.com\/index.php?rest_route=\/wp\/v2\/posts\/1591\/revisions\/1593"}],"wp:featuredmedia":[{"embeddable":true,"href":"https:\/\/ilsovranista.com\/index.php?rest_route=\/wp\/v2\/media\/1592"}],"wp:attachment":[{"href":"https:\/\/ilsovranista.com\/index.php?rest_route=%2Fwp%2Fv2%2Fmedia&parent=1591"}],"wp:term":[{"taxonomy":"category","embeddable":true,"href":"https:\/\/ilsovranista.com\/index.php?rest_route=%2Fwp%2Fv2%2Fcategories&post=1591"},{"taxonomy":"post_tag","embeddable":true,"href":"https:\/\/ilsovranista.com\/index.php?rest_route=%2Fwp%2Fv2%2Ftags&post=1591"}],"curies":[{"name":"wp","href":"https:\/\/api.w.org\/{rel}","templated":true}]}}