{"id":1578,"date":"2025-02-09T16:44:18","date_gmt":"2025-02-09T15:44:18","guid":{"rendered":"https:\/\/ilsovranista.com\/?p=1578"},"modified":"2025-02-09T16:44:18","modified_gmt":"2025-02-09T15:44:18","slug":"bonafe-pd-nuovo-decreto-albania-una-follia-governo-si-fermi","status":"publish","type":"post","link":"https:\/\/ilsovranista.com\/?p=1578","title":{"rendered":"Bonaf\u00e8 (Pd), nuovo decreto Albania una follia, governo si fermi"},"content":{"rendered":"<p>&#8220;Le dichiarazioni di <strong>Foti<\/strong> su un nuovo intervento del governo per i centri in Albania sono molto preoccupanti: perseverare \u00e8 diabolico, il governo fermi questa follia istituzionale che sta creando uno scontro tra poteri senza precedenti e uno spreco di risorse&#8221;.<\/p>\n<p>Lo dichiara in una nota\u00a0<strong>Simona Bonaf\u00e8,<\/strong>\u00a0 capogruppo del Pd in commissione Affari Costituzionali alla Camera.<\/p>\n<p>L&#8217; esponente democratico si riferisce ad un&#8217;intervista rilasciata oggi dal ministro di Fratelli d&#8217;Italia, a Repubblica in cui, alla domanda se il governo sui centri in Albania aspetter\u00e0 la decisione della Corte di giustizia europea o interverr\u00e0 prima con un nuovo decreto, risponde: &#8220;intanto nella corte numerosi stati Ue hanno aderito alla nostra posizione. Il che smentisce la narrazione della sinistra che descrive questa politica come dissennata e contro le regole europee. Non \u00e8 cos\u00ec. Dopodich\u00e9 valuteremo se intervenire con un nuovo provvedimento prima della sentenza&#8221;.<br \/>\nBonaf\u00e9, dunque, aggiunge: &#8220;il governo insiste nel tentativo inaccettabile di scegliersi i magistrati e riscrivere le regole in corsa. I centri in Albania, oltre ai dubbi di legittimit\u00e0, sono gi\u00e0 un enorme spreco di risorse pubbliche: oltre un miliardo di euro per strutture ancora inutilizzate. Il governo si fermi invece di proseguire su questa strada fallimentare&#8221;.<\/p>\n","protected":false},"excerpt":{"rendered":"<p>&#8220;Le dichiarazioni di Foti su un nuovo intervento del governo per i centri in Albania sono molto preoccupanti: perseverare \u00e8 diabolico, il governo fermi questa follia istituzionale che sta creando uno scontro tra poteri senza precedenti e uno spreco di risorse&#8221;. Lo dichiara in una nota\u00a0Simona Bonaf\u00e8,\u00a0 capogruppo del Pd in commissione Affari Costituzionali alla [&hellip;]<\/p>\n","protected":false},"author":3,"featured_media":1579,"comment_status":"open","ping_status":"closed","sticky":false,"template":"","format":"standard","meta":{"om_disable_all_campaigns":false,"_monsterinsights_skip_tracking":false,"_monsterinsights_sitenote_active":false,"_monsterinsights_sitenote_note":"","_monsterinsights_sitenote_category":0,"_uf_show_specific_survey":0,"_uf_disable_surveys":false,"footnotes":""},"categories":[33],"tags":[251,414,168,49,415],"class_list":{"0":"post-1578","1":"post","2":"type-post","3":"status-publish","4":"format-standard","5":"has-post-thumbnail","7":"category-politica","8":"tag-albania","9":"tag-centri","10":"tag-migranti","11":"tag-partitodemocratico","12":"tag-simonabonafe"},"aioseo_notices":[],"_links":{"self":[{"href":"https:\/\/ilsovranista.com\/index.php?rest_route=\/wp\/v2\/posts\/1578","targetHints":{"allow":["GET"]}}],"collection":[{"href":"https:\/\/ilsovranista.com\/index.php?rest_route=\/wp\/v2\/posts"}],"about":[{"href":"https:\/\/ilsovranista.com\/index.php?rest_route=\/wp\/v2\/types\/post"}],"author":[{"embeddable":true,"href":"https:\/\/ilsovranista.com\/index.php?rest_route=\/wp\/v2\/users\/3"}],"replies":[{"embeddable":true,"href":"https:\/\/ilsovranista.com\/index.php?rest_route=%2Fwp%2Fv2%2Fcomments&post=1578"}],"version-history":[{"count":1,"href":"https:\/\/ilsovranista.com\/index.php?rest_route=\/wp\/v2\/posts\/1578\/revisions"}],"predecessor-version":[{"id":1580,"href":"https:\/\/ilsovranista.com\/index.php?rest_route=\/wp\/v2\/posts\/1578\/revisions\/1580"}],"wp:featuredmedia":[{"embeddable":true,"href":"https:\/\/ilsovranista.com\/index.php?rest_route=\/wp\/v2\/media\/1579"}],"wp:attachment":[{"href":"https:\/\/ilsovranista.com\/index.php?rest_route=%2Fwp%2Fv2%2Fmedia&parent=1578"}],"wp:term":[{"taxonomy":"category","embeddable":true,"href":"https:\/\/ilsovranista.com\/index.php?rest_route=%2Fwp%2Fv2%2Fcategories&post=1578"},{"taxonomy":"post_tag","embeddable":true,"href":"https:\/\/ilsovranista.com\/index.php?rest_route=%2Fwp%2Fv2%2Ftags&post=1578"}],"curies":[{"name":"wp","href":"https:\/\/api.w.org\/{rel}","templated":true}]}}