{"id":1573,"date":"2025-02-09T16:31:25","date_gmt":"2025-02-09T15:31:25","guid":{"rendered":"https:\/\/ilsovranista.com\/?p=1573"},"modified":"2025-02-09T16:31:25","modified_gmt":"2025-02-09T15:31:25","slug":"regione-lazio-rocca-ritiro-degli-assessori-lega-me-ne-faro-una-ragione","status":"publish","type":"post","link":"https:\/\/ilsovranista.com\/?p=1573","title":{"rendered":"Regione Lazio, Rocca: ritiro degli assessori Lega? Me ne far\u00f2 una ragione"},"content":{"rendered":"<p>&#8220;Il ritiro degli assessori della Lega? Me ne far\u00f2 una ragione. Questa \u00e8 l&#8217;unica risposta che mi sento di dare.Ma sono sicuro che non sar\u00e0 cos\u00ec&#8221;.<\/p>\n<p>Lo ha precisato\u00a0<strong>Francesco Rocca,\u00a0<\/strong>presidente della Regione Lazio,\u00a0a margine della riapertura del Punto nascita dell&#8217;ospedale di Velletri, in merito alla situazione politica con la Lega, e alle richiesta di incontro dopo il direttivo del partito assieme a Salvini.<\/p>\n<p>&#8220;Appena mi sar\u00e0 possibile, conclude Rocca, li incontrer\u00f2 non voglio perdere un minuto ma nemmeno cancellare o rivoluzionare la mia agenda per questo&#8221;.<\/p>\n","protected":false},"excerpt":{"rendered":"<p>&#8220;Il ritiro degli assessori della Lega? Me ne far\u00f2 una ragione. Questa \u00e8 l&#8217;unica risposta che mi sento di dare.Ma sono sicuro che non sar\u00e0 cos\u00ec&#8221;. Lo ha precisato\u00a0Francesco Rocca,\u00a0presidente della Regione Lazio,\u00a0a margine della riapertura del Punto nascita dell&#8217;ospedale di Velletri, in merito alla situazione politica con la Lega, e alle richiesta di incontro [&hellip;]<\/p>\n","protected":false},"author":3,"featured_media":1574,"comment_status":"open","ping_status":"closed","sticky":false,"template":"","format":"standard","meta":{"om_disable_all_campaigns":false,"_monsterinsights_skip_tracking":false,"_monsterinsights_sitenote_active":false,"_monsterinsights_sitenote_note":"","_monsterinsights_sitenote_category":0,"_uf_show_specific_survey":0,"_uf_disable_surveys":false,"footnotes":""},"categories":[36],"tags":[412,380,44,413],"class_list":{"0":"post-1573","1":"post","2":"type-post","3":"status-publish","4":"format-standard","5":"has-post-thumbnail","7":"category-prima-i-territori","8":"tag-crisi","9":"tag-francescorocca","10":"tag-lega","11":"tag-regionelazio"},"aioseo_notices":[],"_links":{"self":[{"href":"https:\/\/ilsovranista.com\/index.php?rest_route=\/wp\/v2\/posts\/1573","targetHints":{"allow":["GET"]}}],"collection":[{"href":"https:\/\/ilsovranista.com\/index.php?rest_route=\/wp\/v2\/posts"}],"about":[{"href":"https:\/\/ilsovranista.com\/index.php?rest_route=\/wp\/v2\/types\/post"}],"author":[{"embeddable":true,"href":"https:\/\/ilsovranista.com\/index.php?rest_route=\/wp\/v2\/users\/3"}],"replies":[{"embeddable":true,"href":"https:\/\/ilsovranista.com\/index.php?rest_route=%2Fwp%2Fv2%2Fcomments&post=1573"}],"version-history":[{"count":1,"href":"https:\/\/ilsovranista.com\/index.php?rest_route=\/wp\/v2\/posts\/1573\/revisions"}],"predecessor-version":[{"id":1575,"href":"https:\/\/ilsovranista.com\/index.php?rest_route=\/wp\/v2\/posts\/1573\/revisions\/1575"}],"wp:featuredmedia":[{"embeddable":true,"href":"https:\/\/ilsovranista.com\/index.php?rest_route=\/wp\/v2\/media\/1574"}],"wp:attachment":[{"href":"https:\/\/ilsovranista.com\/index.php?rest_route=%2Fwp%2Fv2%2Fmedia&parent=1573"}],"wp:term":[{"taxonomy":"category","embeddable":true,"href":"https:\/\/ilsovranista.com\/index.php?rest_route=%2Fwp%2Fv2%2Fcategories&post=1573"},{"taxonomy":"post_tag","embeddable":true,"href":"https:\/\/ilsovranista.com\/index.php?rest_route=%2Fwp%2Fv2%2Ftags&post=1573"}],"curies":[{"name":"wp","href":"https:\/\/api.w.org\/{rel}","templated":true}]}}