{"id":1570,"date":"2025-02-09T16:13:11","date_gmt":"2025-02-09T15:13:11","guid":{"rendered":"https:\/\/ilsovranista.com\/?p=1570"},"modified":"2025-02-09T16:13:11","modified_gmt":"2025-02-09T15:13:11","slug":"regionali-campania-2025-martusciello-fi-il-centrodestra-annuncera-parte-della-squadra-con-il-candidato-presidente","status":"publish","type":"post","link":"https:\/\/ilsovranista.com\/?p=1570","title":{"rendered":"Regionali Campania 2025, Martusciello (FI): il centrodestra annuncer\u00e0 parte della squadra con il candidato presidente"},"content":{"rendered":"<p>&#8220;\u00c8 fondamentale che i campani sappiano chi guider\u00e0 i settori chiave della Regione. Per questo insieme al candidato presidente della coalizione, annunceremo anche i nomi degli assessori alla Sanit\u00e0 e ai Trasporti, le due voci pi\u00f9 rilevanti del bilancio regionale&#8221;.<\/p>\n<p>Lo ha dichiarato <strong>Fulvio Martusciello<\/strong>, europarlamentare e coordinatore regionale di <strong>Forza Italia<\/strong>, intervenendo a una manifestazione del Nuovo Psi\u00a0 a Napoli precisando: &#8220;indipendentemente da chi sar\u00e0 il candidato presidente, Cirielli, Zinzi ed io avremo comunque un ruolo centrale. Seguiremo direttamente materie specifiche come delegati dal Presidente, garantendo una gestione efficace e mirata. Attaccheremo a tre punte per cinque anni, con un lavoro di squadra che assicurer\u00e0 stabilit\u00e0 e concretezza alle politiche del centrodestra in Campania.<\/p>\n","protected":false},"excerpt":{"rendered":"<p>&#8220;\u00c8 fondamentale che i campani sappiano chi guider\u00e0 i settori chiave della Regione. Per questo insieme al candidato presidente della coalizione, annunceremo anche i nomi degli assessori alla Sanit\u00e0 e ai Trasporti, le due voci pi\u00f9 rilevanti del bilancio regionale&#8221;. Lo ha dichiarato Fulvio Martusciello, europarlamentare e coordinatore regionale di Forza Italia, intervenendo a una [&hellip;]<\/p>\n","protected":false},"author":3,"featured_media":1571,"comment_status":"open","ping_status":"closed","sticky":false,"template":"","format":"standard","meta":{"om_disable_all_campaigns":false,"_monsterinsights_skip_tracking":false,"_monsterinsights_sitenote_active":false,"_monsterinsights_sitenote_note":"","_monsterinsights_sitenote_category":0,"_uf_show_specific_survey":0,"_uf_disable_surveys":false,"footnotes":""},"categories":[36],"tags":[411,379,270,269,147,410],"class_list":{"0":"post-1570","1":"post","2":"type-post","3":"status-publish","4":"format-standard","5":"has-post-thumbnail","7":"category-prima-i-territori","8":"tag-candidatopresidente","9":"tag-centrodestra","10":"tag-forzaitalia","11":"tag-fulviomartusciello","12":"tag-regionalicampania2025","13":"tag-squadradigoverno"},"aioseo_notices":[],"_links":{"self":[{"href":"https:\/\/ilsovranista.com\/index.php?rest_route=\/wp\/v2\/posts\/1570","targetHints":{"allow":["GET"]}}],"collection":[{"href":"https:\/\/ilsovranista.com\/index.php?rest_route=\/wp\/v2\/posts"}],"about":[{"href":"https:\/\/ilsovranista.com\/index.php?rest_route=\/wp\/v2\/types\/post"}],"author":[{"embeddable":true,"href":"https:\/\/ilsovranista.com\/index.php?rest_route=\/wp\/v2\/users\/3"}],"replies":[{"embeddable":true,"href":"https:\/\/ilsovranista.com\/index.php?rest_route=%2Fwp%2Fv2%2Fcomments&post=1570"}],"version-history":[{"count":1,"href":"https:\/\/ilsovranista.com\/index.php?rest_route=\/wp\/v2\/posts\/1570\/revisions"}],"predecessor-version":[{"id":1572,"href":"https:\/\/ilsovranista.com\/index.php?rest_route=\/wp\/v2\/posts\/1570\/revisions\/1572"}],"wp:featuredmedia":[{"embeddable":true,"href":"https:\/\/ilsovranista.com\/index.php?rest_route=\/wp\/v2\/media\/1571"}],"wp:attachment":[{"href":"https:\/\/ilsovranista.com\/index.php?rest_route=%2Fwp%2Fv2%2Fmedia&parent=1570"}],"wp:term":[{"taxonomy":"category","embeddable":true,"href":"https:\/\/ilsovranista.com\/index.php?rest_route=%2Fwp%2Fv2%2Fcategories&post=1570"},{"taxonomy":"post_tag","embeddable":true,"href":"https:\/\/ilsovranista.com\/index.php?rest_route=%2Fwp%2Fv2%2Ftags&post=1570"}],"curies":[{"name":"wp","href":"https:\/\/api.w.org\/{rel}","templated":true}]}}