{"id":1563,"date":"2025-02-09T16:08:52","date_gmt":"2025-02-09T15:08:52","guid":{"rendered":"https:\/\/ilsovranista.com\/?p=1563"},"modified":"2025-02-09T16:08:52","modified_gmt":"2025-02-09T15:08:52","slug":"foibe-almici-fdi-atto-vandalico-a-torino-la-memoria-non-si-cancella","status":"publish","type":"post","link":"https:\/\/ilsovranista.com\/?p=1563","title":{"rendered":"Foibe, Almici (Fdi): atto vandalico a Torino. La memoria non si cancella"},"content":{"rendered":"<p>&#8220;Ancora una volta, alla vigilia del <strong>Giorno del<\/strong> <strong>Ricordo<\/strong>, assistiamo a un atto vile e inaccettabile: insulti vergognosi scritti a vernice davanti alla targa in memoria dell\u2019esodo giuliano-dalmata a Torino ,proprio come accaduto alla Foiba di Basovizza. Un gesto ignobile che rappresenta un\u2019offesa alla memoria dei martiri delle foibe e un attacco alla verit\u00e0 storica. Nessuna provocazione, nessuna violenza, nessuna intimidazione potr\u00e0 cancellare la verit\u00e0: migliaia di italiani innocenti furono massacrati dal regime comunista di Tito e centinaia di migliaia furono costretti all\u2019esodo. Ci auguriamo che i responsabili di questo scempio siano individuati e puniti. La memoria non si cancella con la vernice, la storia non si piega davanti agli atti vandalici di chi vorrebbe riscriverla. Onore ai martiri delle Foibe. Onore agli esuli istriani, fiumani e dalmati&#8221;.<\/p>\n<p>Lo dichiara <strong>Cristina Almici<\/strong>, deputato di Fratelli d&#8217;Italia<\/p>\n","protected":false},"excerpt":{"rendered":"<p>&#8220;Ancora una volta, alla vigilia del Giorno del Ricordo, assistiamo a un atto vile e inaccettabile: insulti vergognosi scritti a vernice davanti alla targa in memoria dell\u2019esodo giuliano-dalmata a Torino ,proprio come accaduto alla Foiba di Basovizza. Un gesto ignobile che rappresenta un\u2019offesa alla memoria dei martiri delle foibe e un attacco alla verit\u00e0 storica. [&hellip;]<\/p>\n","protected":false},"author":3,"featured_media":1568,"comment_status":"open","ping_status":"closed","sticky":false,"template":"","format":"standard","meta":{"om_disable_all_campaigns":false,"_monsterinsights_skip_tracking":false,"_monsterinsights_sitenote_active":false,"_monsterinsights_sitenote_note":"","_monsterinsights_sitenote_category":0,"_uf_show_specific_survey":0,"_uf_disable_surveys":false,"footnotes":""},"categories":[33],"tags":[409,407,47,408],"class_list":{"0":"post-1563","1":"post","2":"type-post","3":"status-publish","4":"format-standard","5":"has-post-thumbnail","7":"category-politica","8":"tag-cristinaalmici","9":"tag-foibe","10":"tag-fratelliditalia","11":"tag-giornodelricordo"},"aioseo_notices":[],"_links":{"self":[{"href":"https:\/\/ilsovranista.com\/index.php?rest_route=\/wp\/v2\/posts\/1563","targetHints":{"allow":["GET"]}}],"collection":[{"href":"https:\/\/ilsovranista.com\/index.php?rest_route=\/wp\/v2\/posts"}],"about":[{"href":"https:\/\/ilsovranista.com\/index.php?rest_route=\/wp\/v2\/types\/post"}],"author":[{"embeddable":true,"href":"https:\/\/ilsovranista.com\/index.php?rest_route=\/wp\/v2\/users\/3"}],"replies":[{"embeddable":true,"href":"https:\/\/ilsovranista.com\/index.php?rest_route=%2Fwp%2Fv2%2Fcomments&post=1563"}],"version-history":[{"count":2,"href":"https:\/\/ilsovranista.com\/index.php?rest_route=\/wp\/v2\/posts\/1563\/revisions"}],"predecessor-version":[{"id":1569,"href":"https:\/\/ilsovranista.com\/index.php?rest_route=\/wp\/v2\/posts\/1563\/revisions\/1569"}],"wp:featuredmedia":[{"embeddable":true,"href":"https:\/\/ilsovranista.com\/index.php?rest_route=\/wp\/v2\/media\/1568"}],"wp:attachment":[{"href":"https:\/\/ilsovranista.com\/index.php?rest_route=%2Fwp%2Fv2%2Fmedia&parent=1563"}],"wp:term":[{"taxonomy":"category","embeddable":true,"href":"https:\/\/ilsovranista.com\/index.php?rest_route=%2Fwp%2Fv2%2Fcategories&post=1563"},{"taxonomy":"post_tag","embeddable":true,"href":"https:\/\/ilsovranista.com\/index.php?rest_route=%2Fwp%2Fv2%2Ftags&post=1563"}],"curies":[{"name":"wp","href":"https:\/\/api.w.org\/{rel}","templated":true}]}}