{"id":1538,"date":"2025-02-08T20:11:55","date_gmt":"2025-02-08T19:11:55","guid":{"rendered":"https:\/\/ilsovranista.com\/?p=1538"},"modified":"2025-02-08T20:11:55","modified_gmt":"2025-02-08T19:11:55","slug":"vandalizzata-la-foiba-di-basovizza-meloni-oltraggio-alla-nazione","status":"publish","type":"post","link":"https:\/\/ilsovranista.com\/?p=1538","title":{"rendered":"Vandalizzata la foiba di Basovizza. Meloni: &#8220;oltraggio alla nazione&#8221;"},"content":{"rendered":"<p>&#8220;La foiba di <strong>Basovizza<\/strong> \u00e8 un luogo sacro, un monumento nazionale, da onorare con il silenzio e con la preghiera. Oltraggiare Basovizza, per di pi\u00f9 con scritte ripugnanti che richiamano a pagine drammatiche della nostra storia, non vuol dire solo calpestare la memoria dei martiri delle foibe ma significa oltraggiare la nazione intera&#8221;.<\/p>\n<p>Lo ha affermato il premier\u00a0<strong>Giorgia Meloni<\/strong>, precisando: &#8220;ci\u00f2 che \u00e8 accaduto \u00e8 un atto di gravit\u00e0 inaudita, che non pu\u00f2 restare impunito.<\/p>\n<p id=\"ob\">\n<div id=\"inArticle\">\n<aside>\n<div class=\"ob-smartfeed-wrapper feedIdx-0\">\n<div id=\"outbrain_widget_0\" class=\"OUTBRAIN\" data-src=\"DROP_PERMALINK_HERE\" data-widget-id=\"AR_4\" data-ob-mark=\"true\" data-browser=\"chrome\" data-os=\"win32\" data-dynload=\"\" data-idx=\"0\">\n<div class=\"ob-widget ob-feed-layout CR_7\">\n<div class=\"ob-widget-header\"><span class=\"ob-widget-text\">\u00a0<\/span><\/div>\n<div class=\"ob-cards\">\n<div id=\"outbrain_widget_1001\" class=\"OUTBRAIN\" data-src=\"https:\/\/www.ansa.it\/sito\/notizie\/politica\/2025\/02\/08\/meloni-loltraggio-a-basovizza-e-un-un-oltraggio-alla-nazione_adffe22f-3a44-4ce6-9236-72d853e88ac9.html\" data-widget-id=\"FMS_CP_1\" data-card-idx=\"1\" data-feed-father-idx=\"0\" data-ob-mark=\"true\" data-browser=\"chrome\" data-os=\"win32\" data-dynload=\"\" data-idx=\"1001\">\n<div>\n<div class=\"ob-widget ob-grid-layout ob-paid-background FMS_CP_1 ob-feed-idx-0-11741-81756\" data-dynamic-truncate=\"true\">\n<div class=\"ob-widget-items-container\">\n<div class=\"ob-dynamic-rec-container ob-recIdx-0 ob-p\" data-pos=\"0\">\n<div id=\"wrapperContainerForShadowDom_outbrain_widget_1001\">\n<div id=\"outbrain_widget_1001_FMS_CP_1_playerWrapper\" class=\"ob-player-wrapper in-widget obv-hide-wrapper\">\n<div class=\"ob-inner-player-wrapper\">\n<div id=\"outbrain_widget_1001_FMS_CP_1_VI_Player\" class=\"ob-player ob-outstream\"><\/div>\n<\/div>\n<\/div>\n<\/div>\n<div class=\"ob-image-ratio\"><\/div>\n<\/div>\n<\/div>\n<div class=\"ob-widget-footer\">\n<div class=\"ob-pixels\"><\/div>\n<\/div>\n<\/div>\n<\/div>\n<\/div>\n<\/div>\n<div class=\"ob-widget-footer\"><\/div>\n<\/div>\n<\/div>\n<\/div>\n<\/aside>\n<\/div>\n<p>&nbsp;<\/p>\n","protected":false},"excerpt":{"rendered":"<p>&#8220;La foiba di Basovizza \u00e8 un luogo sacro, un monumento nazionale, da onorare con il silenzio e con la preghiera. Oltraggiare Basovizza, per di pi\u00f9 con scritte ripugnanti che richiamano a pagine drammatiche della nostra storia, non vuol dire solo calpestare la memoria dei martiri delle foibe ma significa oltraggiare la nazione intera&#8221;. Lo ha [&hellip;]<\/p>\n","protected":false},"author":3,"featured_media":1539,"comment_status":"open","ping_status":"closed","sticky":false,"template":"","format":"standard","meta":{"om_disable_all_campaigns":false,"_monsterinsights_skip_tracking":false,"_monsterinsights_sitenote_active":false,"_monsterinsights_sitenote_note":"","_monsterinsights_sitenote_category":0,"_uf_show_specific_survey":0,"_uf_disable_surveys":false,"footnotes":""},"categories":[33],"tags":[383,74,387],"class_list":{"0":"post-1538","1":"post","2":"type-post","3":"status-publish","4":"format-standard","5":"has-post-thumbnail","7":"category-politica","8":"tag-foibadibasovizza","9":"tag-giorgiameloni","10":"tag-oltraggio"},"aioseo_notices":[],"_links":{"self":[{"href":"https:\/\/ilsovranista.com\/index.php?rest_route=\/wp\/v2\/posts\/1538","targetHints":{"allow":["GET"]}}],"collection":[{"href":"https:\/\/ilsovranista.com\/index.php?rest_route=\/wp\/v2\/posts"}],"about":[{"href":"https:\/\/ilsovranista.com\/index.php?rest_route=\/wp\/v2\/types\/post"}],"author":[{"embeddable":true,"href":"https:\/\/ilsovranista.com\/index.php?rest_route=\/wp\/v2\/users\/3"}],"replies":[{"embeddable":true,"href":"https:\/\/ilsovranista.com\/index.php?rest_route=%2Fwp%2Fv2%2Fcomments&post=1538"}],"version-history":[{"count":1,"href":"https:\/\/ilsovranista.com\/index.php?rest_route=\/wp\/v2\/posts\/1538\/revisions"}],"predecessor-version":[{"id":1540,"href":"https:\/\/ilsovranista.com\/index.php?rest_route=\/wp\/v2\/posts\/1538\/revisions\/1540"}],"wp:featuredmedia":[{"embeddable":true,"href":"https:\/\/ilsovranista.com\/index.php?rest_route=\/wp\/v2\/media\/1539"}],"wp:attachment":[{"href":"https:\/\/ilsovranista.com\/index.php?rest_route=%2Fwp%2Fv2%2Fmedia&parent=1538"}],"wp:term":[{"taxonomy":"category","embeddable":true,"href":"https:\/\/ilsovranista.com\/index.php?rest_route=%2Fwp%2Fv2%2Fcategories&post=1538"},{"taxonomy":"post_tag","embeddable":true,"href":"https:\/\/ilsovranista.com\/index.php?rest_route=%2Fwp%2Fv2%2Ftags&post=1538"}],"curies":[{"name":"wp","href":"https:\/\/api.w.org\/{rel}","templated":true}]}}