{"id":1531,"date":"2025-02-08T19:58:00","date_gmt":"2025-02-08T18:58:00","guid":{"rendered":"https:\/\/ilsovranista.com\/?p=1531"},"modified":"2025-02-08T19:58:00","modified_gmt":"2025-02-08T18:58:00","slug":"salvini-al-vertice-dei-patrioti-e-ora-di-cambiare-come-ha-fatto-trump","status":"publish","type":"post","link":"https:\/\/ilsovranista.com\/?p=1531","title":{"rendered":"Salvini al vertice dei Patrioti : &#8220;\u00e8 ora di cambiare come ha fatto Trump&#8221;"},"content":{"rendered":"<p>&#8220;Serve il cambiamento, noi Patrioti siamo per questo. Guardiamo Oltreoceano, agli Usa, dove in pochi giorni Trump ha dimostrato che la rivoluzione del buon senso \u00e8 possibile. <span id=\"U111336279535V5B\">Non \u00e8 l&#8217;Ue che legittima gli Stati ma gli Stati che legittimano l&#8217;Europa, che senn\u00f2 non esisterebbe. Il burka non \u00e8 Europa<\/span>,\u00a0<span id=\"U111336279535WUH\">il gender non \u00e8 Europa\u00a0<\/span>e il terrore islamico non \u00e8 Europa&#8221;.<\/p>\n<p>Lo ha affermato\u00a0<strong>Matteo Salvini,\u00a0<\/strong>segretario federale della\u00a0<strong>Lega\u00a0<\/strong>al vertice dei <strong>Patrioti Europei<\/strong> a Madrid precisando:&#8221; l&#8217;<span id=\"U111336279535JHG\">Europa, \u00e8 vittima dell&#8217;incompetenza di chi l&#8217;ha governata fino ad ora&#8217;<\/span> senza riuscire ad affrontare la crisi energetica, le guerre e il declino economico. Eppure,\u00a0<span id=\"U111336279535TZC\">la commissione di <strong>Ursula von Der Leyen<\/strong> continua a fare errori senza ammettere le proprie colpe&#8221;.<\/span><\/p>\n<p>Quante volte di fronte al fallimento, delle politiche Ue insiste Salvini, &#8221;ci siamo sentiti rispondere che non hanno funzionato per aver ceduto abbastanza sovranit\u00e0. <span id=\"U1113362795358GG\">E&#8217; il momento di dire basta a questa presa in giro, di dire basta a chi ci dice cose da mangiare, quali auto guidare e cosa fare in casa nostra.<\/span> E&#8217; giunto il momento di &#8221;esprimere liberamente le nostre opinioni. <span id=\"U111336279535sG\">E&#8217; ora di smettere di finanziare gli organismi sovranazionali, come l&#8217;Oms<\/span>, che difendono gli interessi delle multinazionali e non dei cittadini. E&#8217; ora di mettere in discussione realt\u00e0 come la Cpi che mette sullo stesso piano i &#8220;terroristi di Hamas e Netanyahu&#8221;.<\/p>\n<p>&#8216;Negli anni\u00a0<span id=\"U111336279535IZC\">ci hanno dato dei fascisti, dei nazisti, dei razzisti, conclude Salvini, hanno cambiato le regole del gioco per cancellarci. Ma siamo ancora qui<\/span>, pi\u00f9 forti che mai. E sapete perch\u00e9? Perch\u00e9 non abbiamo mai mollato. Perch\u00e9 siamo rimasti saldi nei nostri principi e nelle nostre convinzioni. Siamo rimasti sempre uniti di fronte a qualsiasi avversit\u00e0.\u00a0<span id=\"U111336279535K\">Ci hanno dovuto dare ragione su tutto. A cominciare dall&#8217;immigrazione e la sicurezza.<\/span><\/p>\n","protected":false},"excerpt":{"rendered":"<p>&#8220;Serve il cambiamento, noi Patrioti siamo per questo. Guardiamo Oltreoceano, agli Usa, dove in pochi giorni Trump ha dimostrato che la rivoluzione del buon senso \u00e8 possibile. Non \u00e8 l&#8217;Ue che legittima gli Stati ma gli Stati che legittimano l&#8217;Europa, che senn\u00f2 non esisterebbe. Il burka non \u00e8 Europa,\u00a0il gender non \u00e8 Europa\u00a0e il terrore [&hellip;]<\/p>\n","protected":false},"author":3,"featured_media":1532,"comment_status":"open","ping_status":"closed","sticky":false,"template":"","format":"standard","meta":{"om_disable_all_campaigns":false,"_monsterinsights_skip_tracking":false,"_monsterinsights_sitenote_active":false,"_monsterinsights_sitenote_note":"","_monsterinsights_sitenote_category":0,"_uf_show_specific_survey":0,"_uf_disable_surveys":false,"footnotes":""},"categories":[275],"tags":[391,389,103,390],"class_list":{"0":"post-1531","1":"post","2":"type-post","3":"status-publish","4":"format-standard","5":"has-post-thumbnail","7":"category-europa","8":"tag-lega-cambiamento","9":"tag-madrid","10":"tag-salvini","11":"tag-vertice-patriotieuropei"},"aioseo_notices":[],"_links":{"self":[{"href":"https:\/\/ilsovranista.com\/index.php?rest_route=\/wp\/v2\/posts\/1531","targetHints":{"allow":["GET"]}}],"collection":[{"href":"https:\/\/ilsovranista.com\/index.php?rest_route=\/wp\/v2\/posts"}],"about":[{"href":"https:\/\/ilsovranista.com\/index.php?rest_route=\/wp\/v2\/types\/post"}],"author":[{"embeddable":true,"href":"https:\/\/ilsovranista.com\/index.php?rest_route=\/wp\/v2\/users\/3"}],"replies":[{"embeddable":true,"href":"https:\/\/ilsovranista.com\/index.php?rest_route=%2Fwp%2Fv2%2Fcomments&post=1531"}],"version-history":[{"count":1,"href":"https:\/\/ilsovranista.com\/index.php?rest_route=\/wp\/v2\/posts\/1531\/revisions"}],"predecessor-version":[{"id":1533,"href":"https:\/\/ilsovranista.com\/index.php?rest_route=\/wp\/v2\/posts\/1531\/revisions\/1533"}],"wp:featuredmedia":[{"embeddable":true,"href":"https:\/\/ilsovranista.com\/index.php?rest_route=\/wp\/v2\/media\/1532"}],"wp:attachment":[{"href":"https:\/\/ilsovranista.com\/index.php?rest_route=%2Fwp%2Fv2%2Fmedia&parent=1531"}],"wp:term":[{"taxonomy":"category","embeddable":true,"href":"https:\/\/ilsovranista.com\/index.php?rest_route=%2Fwp%2Fv2%2Fcategories&post=1531"},{"taxonomy":"post_tag","embeddable":true,"href":"https:\/\/ilsovranista.com\/index.php?rest_route=%2Fwp%2Fv2%2Ftags&post=1531"}],"curies":[{"name":"wp","href":"https:\/\/api.w.org\/{rel}","templated":true}]}}